{"id":27358,"date":"2022-05-18T13:14:02","date_gmt":"2022-05-18T18:14:02","guid":{"rendered":"https:\/\/encuentroinformativo.com.mx\/?p=27358"},"modified":"2022-05-18T13:14:06","modified_gmt":"2022-05-18T18:14:06","slug":"policia-ministerial-realiza-operativo-en-boca-del-rio-en-busca-de-marlon-n","status":"publish","type":"post","link":"https:\/\/encuentroinformativo.com.mx\/?p=27358","title":{"rendered":"Polic\u00eda Ministerial realiza operativo en Boca del R\u00edo en busca de Marlon &#8220;N&#8221;"},"content":{"rendered":"\n<p><strong>Alejandro \u00c1vila<\/strong><\/p>\n\n\n\n<p>Boca del R\u00edo, Ver.- Elementos de la Polic\u00eda Ministerial delegaci\u00f3n Veracruz realizaron un intenso operativo en el municipio de Boca del R\u00edo, tras un presunto reporte de avistamiento del pr\u00f3fugo de la justicia Marlon &#8220;N&#8221;.<\/p>\n\n\n\n<p>M\u00e1s de 30 elementos de la Polic\u00eda Ministerial cercaron la Torre Veramar, y bloquearon la calle Almendros entre avenida V\u00eda Muerta y bulevar &#8220;Miguel Alem\u00e1n&#8221;, para realizar un fuerte operativo de b\u00fasqueda del presunto asesino de Montserrat Bendimes.<\/p>\n\n\n\n<p>De manera extraoficial se pudo conocer que, uno de los departamentos de la Torre Veramar, es presuntamente, de un familiar del hoy pr\u00f3fugo de la justicia, por lo que se mont\u00f3 el operativo de b\u00fasqueda ante la posibilidad de que Marlen &#8220;N&#8221; se encontrara en el sitio.<\/p>\n\n\n\n<p>La diligencia duro poco m\u00e1s de una hora, d\u00f3nde levantaron indicios, tomaron fotograf\u00edas y buscaron pruebas para dar con el paradero de Marlon &#8220;N&#8221;.<\/p>\n","protected":false},"excerpt":{"rendered":"<p>Alejandro \u00c1vila Boca del R\u00edo, Ver.- Elementos de la Polic\u00eda Ministerial delegaci\u00f3n Veracruz realizaron un intenso operativo en el municipio de Boca del R\u00edo, tras un presunto reporte de avistamiento del pr\u00f3fugo de la justicia Marlon &#8220;N&#8221;. M\u00e1s de 30 elementos de la Polic\u00eda Ministerial cercaron la Torre Veramar, y bloquearon la calle Almendros entre [&hellip;]<\/p>\n","protected":false},"author":1,"featured_media":27359,"comment_status":"open","ping_status":"open","sticky":false,"template":"","format":"standard","meta":{"_jetpack_memberships_contains_paid_content":false,"footnotes":""},"categories":[2],"tags":[],"class_list":["post-27358","post","type-post","status-publish","format-standard","has-post-thumbnail","hentry","category-estado"],"jetpack_featured_media_url":"https:\/\/encuentroinformativo.com.mx\/wp-content\/uploads\/2022\/05\/24B3995F-8B57-4E54-B952-6FD87CDE6317.jpeg","jetpack_sharing_enabled":true,"jetpack_likes_enabled":true,"amp_enabled":true,"_links":{"self":[{"href":"https:\/\/encuentroinformativo.com.mx\/index.php?rest_route=\/wp\/v2\/posts\/27358","targetHints":{"allow":["GET"]}}],"collection":[{"href":"https:\/\/encuentroinformativo.com.mx\/index.php?rest_route=\/wp\/v2\/posts"}],"about":[{"href":"https:\/\/encuentroinformativo.com.mx\/index.php?rest_route=\/wp\/v2\/types\/post"}],"author":[{"embeddable":true,"href":"https:\/\/encuentroinformativo.com.mx\/index.php?rest_route=\/wp\/v2\/users\/1"}],"replies":[{"embeddable":true,"href":"https:\/\/encuentroinformativo.com.mx\/index.php?rest_route=%2Fwp%2Fv2%2Fcomments&post=27358"}],"version-history":[{"count":1,"href":"https:\/\/encuentroinformativo.com.mx\/index.php?rest_route=\/wp\/v2\/posts\/27358\/revisions"}],"predecessor-version":[{"id":27360,"href":"https:\/\/encuentroinformativo.com.mx\/index.php?rest_route=\/wp\/v2\/posts\/27358\/revisions\/27360"}],"wp:featuredmedia":[{"embeddable":true,"href":"https:\/\/encuentroinformativo.com.mx\/index.php?rest_route=\/wp\/v2\/media\/27359"}],"wp:attachment":[{"href":"https:\/\/encuentroinformativo.com.mx\/index.php?rest_route=%2Fwp%2Fv2%2Fmedia&parent=27358"}],"wp:term":[{"taxonomy":"category","embeddable":true,"href":"https:\/\/encuentroinformativo.com.mx\/index.php?rest_route=%2Fwp%2Fv2%2Fcategories&post=27358"},{"taxonomy":"post_tag","embeddable":true,"href":"https:\/\/encuentroinformativo.com.mx\/index.php?rest_route=%2Fwp%2Fv2%2Ftags&post=27358"}],"curies":[{"name":"wp","href":"https:\/\/api.w.org\/{rel}","templated":true}]}}