{"id":2736,"date":"2020-05-22T12:21:06","date_gmt":"2020-05-22T17:21:06","guid":{"rendered":"https:\/\/encuentroinformativo.com\/?p=2736"},"modified":"2020-05-22T12:21:09","modified_gmt":"2020-05-22T17:21:09","slug":"docentes-reclaman-entrega-de-plazas-definitivas-realizan-protestas","status":"publish","type":"post","link":"https:\/\/encuentroinformativo.com.mx\/?p=2736","title":{"rendered":"Docentes reclaman entrega de plazas definitivas, realizan protestas"},"content":{"rendered":"\n<p><strong>Juan Arcos\/Dar\u00edo Pale <\/strong><\/p>\n\n\n\n<p>Xalapa, Ver.- Un grupo de maestros protest\u00f3 nuevamente frente a Palacio de Gobierno para exigir la asignaci\u00f3n de plazas definitivas.<\/p>\n\n\n\n<p>Se trata de unos 60 profesores que resultaron \u201cid\u00f3neos\u201d en la evaluaci\u00f3n docente y que est\u00e1n a la espera de dicho beneficio.<\/p>\n\n\n\n<p>Los maestros en protesta manifestaron que cuando presentaron el examen de ingreso al servicio docente obtuvieron plaza en el Nivel A que es el id\u00f3neo para ingresar, pero que al entregarles las plazas la SEV les otorg\u00f3 plazas temporales y no definitivas con la promesa de irles entregando las plazas definitivas una vez que se fueran teniendo.\u00a0<\/p>\n\n\n\n<p>Cabe recordar que los quejosos se manifestaron el pasado lunes 18 de mayo en el mismo lugar; sin embargo, al no obtener una respuesta favorable por la Secretar\u00eda de Educaci\u00f3n de Veracruz (SEV), decidieron bloquear la calle Juan de la Luz Enr\u00edquez, durante este viernes.<\/p>\n\n\n\n<p>Una de los inconformes, quien s\u00f3lo se identific\u00f3 como Karla Ver\u00f3nica, indic\u00f3 que s\u00f3lo les dieron plazas temporales por contratos indefinidos.<\/p>\n\n\n\n<p>\u201cEl contrato se nos puede acabar a los cinco meses y ya pr\u00e1cticamente quedar\u00edamos despedidos. Nosotros lo que queremos es que nos den la plaza definitiva\u201d.<\/p>\n\n\n\n<p>La entrevistada record\u00f3 que el plazo para la asignaci\u00f3n de las plazas definitivas vence el pr\u00f3ximo 31 de mayo.<\/p>\n\n\n\n<p>Los maestros proven\u00edan de diversos municipios del estado como Coatzacoalcos, Papantla y C\u00f3rdoba.<\/p>\n\n\n\n<p>\u201cSomos 60 compa\u00f1eros que tenemos plaza temporal, sin asignar hay 200 maestros m\u00e1s, a ellos todav\u00eda no les dan ni temporal ni de ninguna. A los que nos dieron plaza temporal supuestamente nos la iban a canjear por una definitiva, conforme se fueran liberando plazas, pero no sabemos qu\u00e9 pasa\u201d.<\/p>\n\n\n\n<p>Los docentes contin\u00faan laborando mediante las clases en l\u00ednea, durante esta contingencia sanitaria por el COVID-19.<\/p>\n\n\n\n<p>\u201cVenimos nuevamente a solicitar la intervenci\u00f3n del gobernador Cuitl\u00e1huac Garc\u00eda Jim\u00e9nez, queremos que nos digan qu\u00e9 es lo que va a pasar con nuestras plazas. Estamos muy preocupados porque las que tenemos tienen vigencia al 31 de mayo y no nos han entregado las plazas definitivas. Si se nos vence la plaza que teneos tendremos que realizar nuevamente todo el tr\u00e1mite para la obtenci\u00f3n de una nueva plaza\u201d, puntualiz\u00f3.<\/p>\n\n\n\n<figure class=\"wp-block-gallery columns-2 is-cropped wp-block-gallery-1 is-layout-flex wp-block-gallery-is-layout-flex\"><ul class=\"blocks-gallery-grid\"><li class=\"blocks-gallery-item\"><figure><img loading=\"lazy\" decoding=\"async\" width=\"1280\" height=\"853\" src=\"https:\/\/i1.wp.com\/encuentroinformativo.com\/wp-content\/uploads\/2020\/05\/FB23F0A3-AC13-4A39-A997-19C81893ADE8.jpeg?fit=640%2C426&amp;ssl=1\" alt=\"\" data-id=\"2738\" data-full-url=\"https:\/\/i1.wp.com\/encuentroinformativo.com\/wp-content\/uploads\/2020\/05\/FB23F0A3-AC13-4A39-A997-19C81893ADE8.jpeg?fit=1280%2C853&amp;ssl=1\" data-link=\"https:\/\/encuentroinformativo.com.mx\/?attachment_id=2738\" class=\"wp-image-2738\" srcset=\"https:\/\/encuentroinformativo.com.mx\/wp-content\/uploads\/2020\/05\/FB23F0A3-AC13-4A39-A997-19C81893ADE8.jpeg 1280w, https:\/\/encuentroinformativo.com.mx\/wp-content\/uploads\/2020\/05\/FB23F0A3-AC13-4A39-A997-19C81893ADE8-300x200.jpeg 300w, https:\/\/encuentroinformativo.com.mx\/wp-content\/uploads\/2020\/05\/FB23F0A3-AC13-4A39-A997-19C81893ADE8-1024x682.jpeg 1024w, https:\/\/encuentroinformativo.com.mx\/wp-content\/uploads\/2020\/05\/FB23F0A3-AC13-4A39-A997-19C81893ADE8-768x512.jpeg 768w\" sizes=\"auto, (max-width: 1280px) 100vw, 1280px\" \/><\/figure><\/li><li class=\"blocks-gallery-item\"><figure><img loading=\"lazy\" decoding=\"async\" width=\"1280\" height=\"853\" src=\"https:\/\/i0.wp.com\/encuentroinformativo.com\/wp-content\/uploads\/2020\/05\/FE50286A-C9A9-4B7D-AD5B-B2E74DCAECB6.jpeg?fit=640%2C426&amp;ssl=1\" alt=\"\" data-id=\"2739\" data-full-url=\"https:\/\/i0.wp.com\/encuentroinformativo.com\/wp-content\/uploads\/2020\/05\/FE50286A-C9A9-4B7D-AD5B-B2E74DCAECB6.jpeg?fit=1280%2C853&amp;ssl=1\" data-link=\"https:\/\/encuentroinformativo.com.mx\/?attachment_id=2739\" class=\"wp-image-2739\" srcset=\"https:\/\/encuentroinformativo.com.mx\/wp-content\/uploads\/2020\/05\/FE50286A-C9A9-4B7D-AD5B-B2E74DCAECB6.jpeg 1280w, https:\/\/encuentroinformativo.com.mx\/wp-content\/uploads\/2020\/05\/FE50286A-C9A9-4B7D-AD5B-B2E74DCAECB6-300x200.jpeg 300w, https:\/\/encuentroinformativo.com.mx\/wp-content\/uploads\/2020\/05\/FE50286A-C9A9-4B7D-AD5B-B2E74DCAECB6-1024x682.jpeg 1024w, https:\/\/encuentroinformativo.com.mx\/wp-content\/uploads\/2020\/05\/FE50286A-C9A9-4B7D-AD5B-B2E74DCAECB6-768x512.jpeg 768w\" sizes=\"auto, (max-width: 1280px) 100vw, 1280px\" \/><\/figure><\/li><\/ul><\/figure>\n\n\n\n<p><\/p>\n","protected":false},"excerpt":{"rendered":"<p>Juan Arcos\/Dar\u00edo Pale Xalapa, Ver.- Un grupo de maestros protest\u00f3 nuevamente frente a Palacio de Gobierno para exigir la asignaci\u00f3n de plazas definitivas. Se trata de unos 60 profesores que resultaron \u201cid\u00f3neos\u201d en la evaluaci\u00f3n docente y que est\u00e1n a la espera de dicho beneficio. Los maestros en protesta manifestaron que cuando presentaron el examen [&hellip;]<\/p>\n","protected":false},"author":1,"featured_media":2737,"comment_status":"open","ping_status":"open","sticky":false,"template":"","format":"standard","meta":{"_jetpack_memberships_contains_paid_content":false,"footnotes":""},"categories":[3],"tags":[],"class_list":["post-2736","post","type-post","status-publish","format-standard","has-post-thumbnail","hentry","category-xalapa"],"jetpack_featured_media_url":"https:\/\/encuentroinformativo.com.mx\/wp-content\/uploads\/2020\/05\/942BA81B-2ED4-4BC8-B95B-B576E1C0948D.jpeg","jetpack_sharing_enabled":true,"jetpack_likes_enabled":true,"amp_enabled":true,"_links":{"self":[{"href":"https:\/\/encuentroinformativo.com.mx\/index.php?rest_route=\/wp\/v2\/posts\/2736","targetHints":{"allow":["GET"]}}],"collection":[{"href":"https:\/\/encuentroinformativo.com.mx\/index.php?rest_route=\/wp\/v2\/posts"}],"about":[{"href":"https:\/\/encuentroinformativo.com.mx\/index.php?rest_route=\/wp\/v2\/types\/post"}],"author":[{"embeddable":true,"href":"https:\/\/encuentroinformativo.com.mx\/index.php?rest_route=\/wp\/v2\/users\/1"}],"replies":[{"embeddable":true,"href":"https:\/\/encuentroinformativo.com.mx\/index.php?rest_route=%2Fwp%2Fv2%2Fcomments&post=2736"}],"version-history":[{"count":1,"href":"https:\/\/encuentroinformativo.com.mx\/index.php?rest_route=\/wp\/v2\/posts\/2736\/revisions"}],"predecessor-version":[{"id":2740,"href":"https:\/\/encuentroinformativo.com.mx\/index.php?rest_route=\/wp\/v2\/posts\/2736\/revisions\/2740"}],"wp:featuredmedia":[{"embeddable":true,"href":"https:\/\/encuentroinformativo.com.mx\/index.php?rest_route=\/wp\/v2\/media\/2737"}],"wp:attachment":[{"href":"https:\/\/encuentroinformativo.com.mx\/index.php?rest_route=%2Fwp%2Fv2%2Fmedia&parent=2736"}],"wp:term":[{"taxonomy":"category","embeddable":true,"href":"https:\/\/encuentroinformativo.com.mx\/index.php?rest_route=%2Fwp%2Fv2%2Fcategories&post=2736"},{"taxonomy":"post_tag","embeddable":true,"href":"https:\/\/encuentroinformativo.com.mx\/index.php?rest_route=%2Fwp%2Fv2%2Ftags&post=2736"}],"curies":[{"name":"wp","href":"https:\/\/api.w.org\/{rel}","templated":true}]}}