{"id":27361,"date":"2022-05-18T13:29:27","date_gmt":"2022-05-18T18:29:27","guid":{"rendered":"https:\/\/encuentroinformativo.com.mx\/?p=27361"},"modified":"2022-05-18T13:29:30","modified_gmt":"2022-05-18T18:29:30","slug":"oficial-mayor-de-la-sev-visito-sede-negrete-de-la-delegacion-veracruz","status":"publish","type":"post","link":"https:\/\/encuentroinformativo.com.mx\/?p=27361","title":{"rendered":"Oficial Mayor de la SEV visit\u00f3 sede Negrete de la delegaci\u00f3n Veracruz"},"content":{"rendered":"\n<p><strong>Alejandro \u00c1vila<\/strong><\/p>\n\n\n\n<p>Veracruz, Ver.- La tarde de este martes, la Oficial Mayor de la SEV, Ariadna Selene Aguilar Amaya, visit\u00f3 la sede ubicada en la calle Negrete del Puerto de Veracruz, donde les asegur\u00f3 a los empleados que, a partir del lunes 23 de mayo se reiniciar\u00e1n con los trabajos de remodelaci\u00f3n del lugar.<\/p>\n\n\n\n<p>La secretaria general de la delegaci\u00f3n D-III-IV, Noem\u00ed Rubio L\u00f3pez relat\u00f3 que, la funcionaria Estatal no les dio una fecha especifica de la entrega de la obra, pues les inform\u00f3 que todo depender\u00e1 de la empresa constructora.<\/p>\n\n\n\n<p>&#8220;M\u00e1s o menos ella nos coment\u00f3 que, la siguiente semana van a iniciar, ya en breve, en breve, no s\u00e9 qu\u00e9 ser\u00e1, 3 &#8211; 4 meses, algo as\u00ed, ella va a estar al pendiente, y que ya se nos entregar\u00e1 concluida (\u2026) necesitamos retornar todos los compa\u00f1eros, no en partes, sino todos los compa\u00f1eros (\u2026) aproximadamente 150 compa\u00f1eros&#8221;, coment\u00f3.<\/p>\n\n\n\n<p>Al respecto de la sede en Boca del R\u00edo ubicada en la calle Camino Real, donde se realiz\u00f3 un pliego petitorio, pues durante la manifestaci\u00f3n aseguraron los quejosos no contaban con las condiciones dignas para realizar su trabajo; Noem\u00ed Rubio dijo que, esta semana han estado colocando el cableado el\u00e9ctrico para, posteriormente, ponerles los aires acondicionados.<\/p>\n\n\n\n<p>&#8220;Van poco a poco, todav\u00eda en este momento no tenemos, pero dan fecha, m\u00e1s o menos el viernes, ya van a estar todos conectados. En este momento lo que est\u00e1n haciendo es el cableado el\u00e9ctrico (\u2026) el port\u00f3n de acceso, ese ya lo arreglaron el mismo d\u00eda, y ahorita est\u00e1 pendiente una puerta de la entrada&#8221;, subray\u00f3.<\/p>\n\n\n\n<p>Los empleados de la delegaci\u00f3n Veracruz de la SEV dijeron que, a\u00fan no han logrado tener comunicaci\u00f3n directa con el secretario, Zenyazen Escobar Garc\u00eda; sin embargo, dijeron confiar en qu\u00e9 tras la manifestaci\u00f3n, se cumplan finalmente los acuerdos a los que previamente llegaron.<\/p>\n","protected":false},"excerpt":{"rendered":"<p>Alejandro \u00c1vila Veracruz, Ver.- La tarde de este martes, la Oficial Mayor de la SEV, Ariadna Selene Aguilar Amaya, visit\u00f3 la sede ubicada en la calle Negrete del Puerto de Veracruz, donde les asegur\u00f3 a los empleados que, a partir del lunes 23 de mayo se reiniciar\u00e1n con los trabajos de remodelaci\u00f3n del lugar. La [&hellip;]<\/p>\n","protected":false},"author":1,"featured_media":27362,"comment_status":"open","ping_status":"open","sticky":false,"template":"","format":"standard","meta":{"_jetpack_memberships_contains_paid_content":false,"footnotes":""},"categories":[2],"tags":[],"class_list":["post-27361","post","type-post","status-publish","format-standard","has-post-thumbnail","hentry","category-estado"],"jetpack_featured_media_url":"https:\/\/encuentroinformativo.com.mx\/wp-content\/uploads\/2022\/05\/691AB336-3160-4667-8A54-A9EB95154B66.jpeg","jetpack_sharing_enabled":true,"jetpack_likes_enabled":true,"amp_enabled":true,"_links":{"self":[{"href":"https:\/\/encuentroinformativo.com.mx\/index.php?rest_route=\/wp\/v2\/posts\/27361","targetHints":{"allow":["GET"]}}],"collection":[{"href":"https:\/\/encuentroinformativo.com.mx\/index.php?rest_route=\/wp\/v2\/posts"}],"about":[{"href":"https:\/\/encuentroinformativo.com.mx\/index.php?rest_route=\/wp\/v2\/types\/post"}],"author":[{"embeddable":true,"href":"https:\/\/encuentroinformativo.com.mx\/index.php?rest_route=\/wp\/v2\/users\/1"}],"replies":[{"embeddable":true,"href":"https:\/\/encuentroinformativo.com.mx\/index.php?rest_route=%2Fwp%2Fv2%2Fcomments&post=27361"}],"version-history":[{"count":1,"href":"https:\/\/encuentroinformativo.com.mx\/index.php?rest_route=\/wp\/v2\/posts\/27361\/revisions"}],"predecessor-version":[{"id":27363,"href":"https:\/\/encuentroinformativo.com.mx\/index.php?rest_route=\/wp\/v2\/posts\/27361\/revisions\/27363"}],"wp:featuredmedia":[{"embeddable":true,"href":"https:\/\/encuentroinformativo.com.mx\/index.php?rest_route=\/wp\/v2\/media\/27362"}],"wp:attachment":[{"href":"https:\/\/encuentroinformativo.com.mx\/index.php?rest_route=%2Fwp%2Fv2%2Fmedia&parent=27361"}],"wp:term":[{"taxonomy":"category","embeddable":true,"href":"https:\/\/encuentroinformativo.com.mx\/index.php?rest_route=%2Fwp%2Fv2%2Fcategories&post=27361"},{"taxonomy":"post_tag","embeddable":true,"href":"https:\/\/encuentroinformativo.com.mx\/index.php?rest_route=%2Fwp%2Fv2%2Ftags&post=27361"}],"curies":[{"name":"wp","href":"https:\/\/api.w.org\/{rel}","templated":true}]}}