{"id":27370,"date":"2022-05-18T13:41:46","date_gmt":"2022-05-18T18:41:46","guid":{"rendered":"https:\/\/encuentroinformativo.com.mx\/?p=27370"},"modified":"2022-05-18T13:41:49","modified_gmt":"2022-05-18T18:41:49","slug":"falta-capacitacion-en-fiscalia-senala-pt","status":"publish","type":"post","link":"https:\/\/encuentroinformativo.com.mx\/?p=27370","title":{"rendered":"Falta capacitaci\u00f3n en Fiscal\u00eda, se\u00f1ala PT"},"content":{"rendered":"\n<p>Xalapa, Ver.- Vicente Aguilar coordinador del Partido del Trabajo (PT) dijo que la detenci\u00f3n de Antonio de Jes\u00fas &#8220;N&#8221;, acusado de participar en el homicidio de las comunicadoras Yesenia Mollinedo y Sheila Garc\u00eda son errores que exhiben la falta de capacitaci\u00f3n en las corporaciones de seguridad. <\/p>\n\n\n\n<p>En entrevista el l\u00edder partidista coment\u00f3 que la Fiscal\u00eda General del Estado debe actuar con m\u00e1s cuidado ya que con estos errores empa\u00f1an las acciones positivas.<\/p>\n","protected":false},"excerpt":{"rendered":"<p>Xalapa, Ver.- Vicente Aguilar coordinador del Partido del Trabajo (PT) dijo que la detenci\u00f3n de Antonio de Jes\u00fas &#8220;N&#8221;, acusado de participar en el homicidio de las comunicadoras Yesenia Mollinedo y Sheila Garc\u00eda son errores que exhiben la falta de capacitaci\u00f3n en las corporaciones de seguridad. En entrevista el l\u00edder partidista coment\u00f3 que la Fiscal\u00eda [&hellip;]<\/p>\n","protected":false},"author":1,"featured_media":27371,"comment_status":"open","ping_status":"open","sticky":false,"template":"","format":"standard","meta":{"_jetpack_memberships_contains_paid_content":false,"footnotes":""},"categories":[2],"tags":[],"class_list":["post-27370","post","type-post","status-publish","format-standard","has-post-thumbnail","hentry","category-estado"],"jetpack_featured_media_url":"https:\/\/encuentroinformativo.com.mx\/wp-content\/uploads\/2022\/05\/45ED409D-4DB4-4C7C-A785-49A3AFA01F6F.jpeg","jetpack_sharing_enabled":true,"jetpack_likes_enabled":true,"amp_enabled":true,"_links":{"self":[{"href":"https:\/\/encuentroinformativo.com.mx\/index.php?rest_route=\/wp\/v2\/posts\/27370","targetHints":{"allow":["GET"]}}],"collection":[{"href":"https:\/\/encuentroinformativo.com.mx\/index.php?rest_route=\/wp\/v2\/posts"}],"about":[{"href":"https:\/\/encuentroinformativo.com.mx\/index.php?rest_route=\/wp\/v2\/types\/post"}],"author":[{"embeddable":true,"href":"https:\/\/encuentroinformativo.com.mx\/index.php?rest_route=\/wp\/v2\/users\/1"}],"replies":[{"embeddable":true,"href":"https:\/\/encuentroinformativo.com.mx\/index.php?rest_route=%2Fwp%2Fv2%2Fcomments&post=27370"}],"version-history":[{"count":1,"href":"https:\/\/encuentroinformativo.com.mx\/index.php?rest_route=\/wp\/v2\/posts\/27370\/revisions"}],"predecessor-version":[{"id":27372,"href":"https:\/\/encuentroinformativo.com.mx\/index.php?rest_route=\/wp\/v2\/posts\/27370\/revisions\/27372"}],"wp:featuredmedia":[{"embeddable":true,"href":"https:\/\/encuentroinformativo.com.mx\/index.php?rest_route=\/wp\/v2\/media\/27371"}],"wp:attachment":[{"href":"https:\/\/encuentroinformativo.com.mx\/index.php?rest_route=%2Fwp%2Fv2%2Fmedia&parent=27370"}],"wp:term":[{"taxonomy":"category","embeddable":true,"href":"https:\/\/encuentroinformativo.com.mx\/index.php?rest_route=%2Fwp%2Fv2%2Fcategories&post=27370"},{"taxonomy":"post_tag","embeddable":true,"href":"https:\/\/encuentroinformativo.com.mx\/index.php?rest_route=%2Fwp%2Fv2%2Ftags&post=27370"}],"curies":[{"name":"wp","href":"https:\/\/api.w.org\/{rel}","templated":true}]}}