{"id":27373,"date":"2022-05-18T13:49:10","date_gmt":"2022-05-18T18:49:10","guid":{"rendered":"https:\/\/encuentroinformativo.com.mx\/?p=27373"},"modified":"2022-05-18T13:49:13","modified_gmt":"2022-05-18T18:49:13","slug":"con-drones-buscan-combatir-inseguridad-en-veracruz-puerto","status":"publish","type":"post","link":"https:\/\/encuentroinformativo.com.mx\/?p=27373","title":{"rendered":"Con drones buscan combatir inseguridad en Veracruz Puerto"},"content":{"rendered":"\n<p><strong>Alejandro \u00c1vila<\/strong><\/p>\n\n\n\n<p>Veracruz, Ver.- La alcaldesa de Veracruz, Patricia Lobeira Rodr\u00edguez confirm\u00f3 que, el Ayuntamiento a su cargo compr\u00f3 5 drones como parte de un programa piloto que iniciar\u00e1 a principios de junio, y que tiene como objetivo combatir la inseguridad en la ciudad.<\/p>\n\n\n\n<p>La panista reconoci\u00f3 que, el robo de cableado el\u00e9ctrico y tuber\u00edas -ambos de cobre- en escuelas y casa habitaci\u00f3n, han sido de las denuncias m\u00e1s comunes por la ciudadan\u00eda.<\/p>\n\n\n\n<p>&#8220;Se han incrementado los rondines, hemos estado muy atentos, sin embargo, muchas veces es en la azotea y es por eso que nosotros no vemos qu\u00e9 hay alguien arriba, por eso hab\u00edamos dicho lo de los drones, ya los pedimos, yo creo que a partir del mes que viene podr\u00edamos empezar con ese sistema (\u2026) ser\u00eda en las noches que estar\u00edamos vigilando, y en el d\u00eda tambi\u00e9n se podr\u00eda hacer, de hecho en el d\u00eda tenemos mejor visibilidad (\u2026) alrededor de 5 drones que vamos a tener, dependiendo en la zona en que nos vayamos moviendo&#8221;, apunt\u00f3.<\/p>\n\n\n\n<p>La edil panista refiri\u00f3 que, ser\u00e1n los elementos de la Polic\u00eda Municipal los que operen los drones, y en un inicio, se estar\u00e1n utilizando \u00fanicamente en el primer cuadro de la ciudad.<\/p>\n\n\n\n<p>&#8220;A partir del mes que viene, ya los pedimos, yo creo qu\u00e9 nos estar\u00edan llegando en este mes y ya vamos a implementar este programa. Es un programa piloto, vamos a comenzar, pero yo estoy segura que eso nos va a traer buenos resultados porque vamos a poder ver desde arriba&#8221;, remat\u00f3.<\/p>\n\n\n\n<p>Este mi\u00e9rcoles 18 de mayo se reactiv\u00f3 el programa &#8220;Mi\u00e9rcoles Ciudadano&#8221;, mismo que se implementar\u00e1 cada 15 d\u00edas en los bajos del Palacio Municipal de 9 de la ma\u00f1ana a 2 de la tarde.&nbsp;<\/p>\n\n\n\n<p>En este espacio los ciudadanos podr\u00e1n hacer diversas solicitudes en las respectivas \u00e1reas operativas del municipio, para buscar una pronta soluci\u00f3n.<\/p>\n","protected":false},"excerpt":{"rendered":"<p>Alejandro \u00c1vila Veracruz, Ver.- La alcaldesa de Veracruz, Patricia Lobeira Rodr\u00edguez confirm\u00f3 que, el Ayuntamiento a su cargo compr\u00f3 5 drones como parte de un programa piloto que iniciar\u00e1 a principios de junio, y que tiene como objetivo combatir la inseguridad en la ciudad. La panista reconoci\u00f3 que, el robo de cableado el\u00e9ctrico y tuber\u00edas [&hellip;]<\/p>\n","protected":false},"author":1,"featured_media":27374,"comment_status":"open","ping_status":"open","sticky":false,"template":"","format":"standard","meta":{"_jetpack_memberships_contains_paid_content":false,"footnotes":""},"categories":[2],"tags":[],"class_list":["post-27373","post","type-post","status-publish","format-standard","has-post-thumbnail","hentry","category-estado"],"jetpack_featured_media_url":"https:\/\/encuentroinformativo.com.mx\/wp-content\/uploads\/2022\/05\/64A3A2EE-2325-4C42-BBAE-084D1150BA02.jpeg","jetpack_sharing_enabled":true,"jetpack_likes_enabled":true,"amp_enabled":true,"_links":{"self":[{"href":"https:\/\/encuentroinformativo.com.mx\/index.php?rest_route=\/wp\/v2\/posts\/27373","targetHints":{"allow":["GET"]}}],"collection":[{"href":"https:\/\/encuentroinformativo.com.mx\/index.php?rest_route=\/wp\/v2\/posts"}],"about":[{"href":"https:\/\/encuentroinformativo.com.mx\/index.php?rest_route=\/wp\/v2\/types\/post"}],"author":[{"embeddable":true,"href":"https:\/\/encuentroinformativo.com.mx\/index.php?rest_route=\/wp\/v2\/users\/1"}],"replies":[{"embeddable":true,"href":"https:\/\/encuentroinformativo.com.mx\/index.php?rest_route=%2Fwp%2Fv2%2Fcomments&post=27373"}],"version-history":[{"count":1,"href":"https:\/\/encuentroinformativo.com.mx\/index.php?rest_route=\/wp\/v2\/posts\/27373\/revisions"}],"predecessor-version":[{"id":27375,"href":"https:\/\/encuentroinformativo.com.mx\/index.php?rest_route=\/wp\/v2\/posts\/27373\/revisions\/27375"}],"wp:featuredmedia":[{"embeddable":true,"href":"https:\/\/encuentroinformativo.com.mx\/index.php?rest_route=\/wp\/v2\/media\/27374"}],"wp:attachment":[{"href":"https:\/\/encuentroinformativo.com.mx\/index.php?rest_route=%2Fwp%2Fv2%2Fmedia&parent=27373"}],"wp:term":[{"taxonomy":"category","embeddable":true,"href":"https:\/\/encuentroinformativo.com.mx\/index.php?rest_route=%2Fwp%2Fv2%2Fcategories&post=27373"},{"taxonomy":"post_tag","embeddable":true,"href":"https:\/\/encuentroinformativo.com.mx\/index.php?rest_route=%2Fwp%2Fv2%2Ftags&post=27373"}],"curies":[{"name":"wp","href":"https:\/\/api.w.org\/{rel}","templated":true}]}}