{"id":27383,"date":"2022-05-18T16:04:15","date_gmt":"2022-05-18T21:04:15","guid":{"rendered":"https:\/\/encuentroinformativo.com.mx\/?p=27383"},"modified":"2022-05-18T19:59:58","modified_gmt":"2022-05-19T00:59:58","slug":"sin-dar-declaraciones-antonio-de-jesus-salio-de-palacio-de-gobierno","status":"publish","type":"post","link":"https:\/\/encuentroinformativo.com.mx\/?p=27383","title":{"rendered":"Sin dar declaraciones, Antonio de Jes\u00fas sali\u00f3 de Palacio de Gobierno"},"content":{"rendered":"\n<p><strong>Juan Arcos <\/strong><\/p>\n\n\n\n<p>Xalapa, Ver.- El joven Antonio de Jes\u00fas \u201cN\u201d y sus padres se reunieron a puerta cerrada con el gobernador Cuitl\u00e1huac Garc\u00eda Jim\u00e9nez en Palacio de Gobierno, luego de que fuera arrestado como presunto implicado en el homicidio de las reporteras Yessenia Mollinedo Falconi y Sheila Johana Garc\u00eda Olivera, en Cosoleacaque, y posteriormente liberado.<\/p>\n\n\n\n<p>Las comunicadoras fueron ejecutadas el pasado 9 de mayo, cuando se encontraban al interior de un veh\u00edculo particular, afuera de una tienda de autoservicio en la colonia Cerro Alto.<\/p>\n\n\n\n<p>Antonio de Jes\u00fas \u201cN\u201d fue detenido el martes 17 de mayo en la ciudad de Xalapa y trasladado a Coatzacoalcos, se\u00f1alado como autor material del doble crimen.<\/p>\n\n\n\n<p>La tarde de este mi\u00e9rcoles, el joven de 20 a\u00f1os, quien estudia el segundo semestre en el Instituto Tecnol\u00f3gico Superior de Xalapa (ITSX) y labora como repartidor en una motocicleta, tuvo un encuentro con el mandatario estatal en la ciudad de Xalapa.<\/p>\n\n\n\n<p>La tarde de ayer, sus compa\u00f1eros repartidores y algunos de sus familiares protestaron y cerraron el centro de Xalapa, para exigir su liberaci\u00f3n, argumentando que ten\u00edan pruebas de que el Antonio se encontraba laborando cuando ocurri\u00f3 el asesinato de las periodistas.<\/p>\n\n\n\n<p>Adem\u00e1s, mostraron un video donde aparece el se\u00f1alado afuera de una taquer\u00eda de la ciudad de Xalapa, una hora antes del doble homicidio en Cosoleacaque, al sur de la entidad.<\/p>\n\n\n\n<p>Sin embargo, la capital del estado se encuentra a una distancia de siete horas con el municipio donde fueron ejecutadas la directora del portal El Veraz, Yessenia Mollinedo, y su compa\u00f1era Sheila Johana Garc\u00eda.<\/p>\n\n\n\n<p>El director general de Pol\u00edtica Regional, H\u00e9ctor Cipri\u00e1n, asegur\u00f3 que la reuni\u00f3n con el joven Antonio de Jes\u00fas y sus familiares s\u00f3lo fue para agradecer el acompa\u00f1amiento que brind\u00f3 el gobierno del estado en este caso.<\/p>\n\n\n\n<figure class=\"wp-block-image size-large\"><img loading=\"lazy\" decoding=\"async\" width=\"1024\" height=\"683\" src=\"https:\/\/encuentroinformativo.com.mx\/wp-content\/uploads\/2022\/05\/B2C0D9EF-4F27-4645-85E8-B689BD57F3E3-1024x683.jpeg\" alt=\"\" class=\"wp-image-27385\" srcset=\"https:\/\/encuentroinformativo.com.mx\/wp-content\/uploads\/2022\/05\/B2C0D9EF-4F27-4645-85E8-B689BD57F3E3-1024x683.jpeg 1024w, https:\/\/encuentroinformativo.com.mx\/wp-content\/uploads\/2022\/05\/B2C0D9EF-4F27-4645-85E8-B689BD57F3E3-300x200.jpeg 300w, https:\/\/encuentroinformativo.com.mx\/wp-content\/uploads\/2022\/05\/B2C0D9EF-4F27-4645-85E8-B689BD57F3E3-768x512.jpeg 768w, https:\/\/encuentroinformativo.com.mx\/wp-content\/uploads\/2022\/05\/B2C0D9EF-4F27-4645-85E8-B689BD57F3E3.jpeg 1488w\" sizes=\"auto, (max-width: 1024px) 100vw, 1024px\" \/><\/figure>\n","protected":false},"excerpt":{"rendered":"<p>Juan Arcos Xalapa, Ver.- El joven Antonio de Jes\u00fas \u201cN\u201d y sus padres se reunieron a puerta cerrada con el gobernador Cuitl\u00e1huac Garc\u00eda Jim\u00e9nez en Palacio de Gobierno, luego de que fuera arrestado como presunto implicado en el homicidio de las reporteras Yessenia Mollinedo Falconi y Sheila Johana Garc\u00eda Olivera, en Cosoleacaque, y posteriormente liberado. [&hellip;]<\/p>\n","protected":false},"author":1,"featured_media":27384,"comment_status":"open","ping_status":"open","sticky":false,"template":"","format":"standard","meta":{"_jetpack_memberships_contains_paid_content":false,"footnotes":""},"categories":[2],"tags":[],"class_list":["post-27383","post","type-post","status-publish","format-standard","has-post-thumbnail","hentry","category-estado"],"jetpack_featured_media_url":"https:\/\/encuentroinformativo.com.mx\/wp-content\/uploads\/2022\/05\/E0599AA7-7C47-4658-B594-9C3A927C3484.jpeg","jetpack_sharing_enabled":true,"jetpack_likes_enabled":true,"amp_enabled":true,"_links":{"self":[{"href":"https:\/\/encuentroinformativo.com.mx\/index.php?rest_route=\/wp\/v2\/posts\/27383","targetHints":{"allow":["GET"]}}],"collection":[{"href":"https:\/\/encuentroinformativo.com.mx\/index.php?rest_route=\/wp\/v2\/posts"}],"about":[{"href":"https:\/\/encuentroinformativo.com.mx\/index.php?rest_route=\/wp\/v2\/types\/post"}],"author":[{"embeddable":true,"href":"https:\/\/encuentroinformativo.com.mx\/index.php?rest_route=\/wp\/v2\/users\/1"}],"replies":[{"embeddable":true,"href":"https:\/\/encuentroinformativo.com.mx\/index.php?rest_route=%2Fwp%2Fv2%2Fcomments&post=27383"}],"version-history":[{"count":2,"href":"https:\/\/encuentroinformativo.com.mx\/index.php?rest_route=\/wp\/v2\/posts\/27383\/revisions"}],"predecessor-version":[{"id":27396,"href":"https:\/\/encuentroinformativo.com.mx\/index.php?rest_route=\/wp\/v2\/posts\/27383\/revisions\/27396"}],"wp:featuredmedia":[{"embeddable":true,"href":"https:\/\/encuentroinformativo.com.mx\/index.php?rest_route=\/wp\/v2\/media\/27384"}],"wp:attachment":[{"href":"https:\/\/encuentroinformativo.com.mx\/index.php?rest_route=%2Fwp%2Fv2%2Fmedia&parent=27383"}],"wp:term":[{"taxonomy":"category","embeddable":true,"href":"https:\/\/encuentroinformativo.com.mx\/index.php?rest_route=%2Fwp%2Fv2%2Fcategories&post=27383"},{"taxonomy":"post_tag","embeddable":true,"href":"https:\/\/encuentroinformativo.com.mx\/index.php?rest_route=%2Fwp%2Fv2%2Ftags&post=27383"}],"curies":[{"name":"wp","href":"https:\/\/api.w.org\/{rel}","templated":true}]}}