{"id":27393,"date":"2022-05-18T19:54:23","date_gmt":"2022-05-19T00:54:23","guid":{"rendered":"https:\/\/encuentroinformativo.com.mx\/?p=27393"},"modified":"2022-05-18T19:54:27","modified_gmt":"2022-05-19T00:54:27","slug":"boca-del-rio-firma-convenio-con-los-colegios-profesionales-hacia-el-desarrollo-y-bien-comun-alcalde-jm-unanue","status":"publish","type":"post","link":"https:\/\/encuentroinformativo.com.mx\/?p=27393","title":{"rendered":"Boca del R\u00edo firma convenio con los Colegios Profesionales; hacia el desarrollo y bien com\u00fan: Alcalde JM Un\u00e1nue"},"content":{"rendered":"\n<p><strong>*La firma significa un acompa\u00f1amiento t\u00e9cnico para diversas acciones a desarrollar por parte del ayuntamiento de Boca del R\u00edo durante los 4 a\u00f1os de administraci\u00f3n.<\/strong><\/p>\n\n\n\n<p>Boca del R\u00edo, Ver.- Bajo la instrucci\u00f3n de conformar un gobierno incluyente e imparcial, se convoc\u00f3 a los Colegios Profesionales, para la firma de un convenio de colaboraci\u00f3n, que forma parte del criterio para profesionalizar el servicio p\u00fablico de la administraci\u00f3n municipal.<\/p>\n\n\n\n<p>El ingeniero Ulises Cervantes Espinoza, presidente del Colegio de Ingenieros Civiles de Veracruz, A.C., agradeci\u00f3 la proactividad del gobierno del Alcalde Juan Manuel Un\u00e1nue Abascal, de aprobar el Reglamento de Construcci\u00f3n Municipal en tan solo cuatro meses, \u201clo que da certeza jur\u00eddica y t\u00e9cnica a los constructores y ciudadanos\u201d.<\/p>\n\n\n\n<p>Por su parte, el Presidente Municipal de Boca del R\u00edo, enfatiz\u00f3 que la firma de este convenio, forma parte del criterio para profesionalizar el servicio p\u00fablico de la administraci\u00f3n municipal.<\/p>\n\n\n\n<p>\u201cMi compromiso es que las obras y pol\u00edticas p\u00fablicas se vivan y disfruten por todas las personas independientemente de donde viva y por donde transiten\u201d.<\/p>\n\n\n\n<p>El edil boque\u00f1o, recalc\u00f3 que la participaci\u00f3n de los especialistas en los temas m\u00e1s relevantes para el municipio, da orientaci\u00f3n a las pol\u00edticas hacia el desarrollo y bien com\u00fan.<\/p>\n\n\n\n<p>Se\u00f1alando que en lo que va de la actual administraci\u00f3n municipal, su participaci\u00f3n ha sido de gran ayuda, como, por ejemplo, para dictaminar el estado f\u00edsico del Puente Federal que atraviesa el R\u00edo Jamapa, as\u00ed como de la estatua monumental de los Voladores de Papantla, la cual se retir\u00f3 por seguridad de los ciudadanos.<\/p>\n\n\n\n<p>\u201cGracias a la coordinaci\u00f3n de mi gobierno con cada uno de los gremios organizados en estos colegios profesionales, su trabajo proporciona un valor agregado a las decisiones que tome un servidor a los proyectos, gestiones y dem\u00e1s acciones que estamos realizando en la administraci\u00f3n municipal\u201d.<\/p>\n\n\n\n<p>Y agreg\u00f3, \u201csu fe p\u00fablica, es decir, lo que dictaminen dentro de su profesi\u00f3n desde el punto de vista t\u00e9cnico y desde el punto de vista legal, construyen una mejora constante dentro de las decisiones que hemos toma y que ejecutaremos m\u00e1s adelante teniendo siempre presente el desarrollo de nuestra ciudad, que sin duda alguna se est\u00e1 consolidando como lo mejor de Veracruz\u201d.<\/p>\n\n\n\n<p>En la firma estuvieron presentes el Ing. Ulises Cervantes Espinoza; presidente del Colegio de Ingenieros Civiles de Veracruz, A.C., el Arq. Pedro Antonio Alba Casis; presidente del Colegio de Arquitectos del Puerto de Veracruz, A.C., el Ing. Gerardo Z\u00e1rate Ger\u00f3n; presidente del Colegio de Ingenieros Mec\u00e1nicos Electricistas, Electr\u00f3nicos y ramas afines.<\/p>\n\n\n\n<p>As\u00ed como el Arq. Daniel Charris Carrasco; presidente del Colegio e Instituto de Valuadores del Estado de Veracruz, A.C., el Arq. Eduardo Amet Ramos Vicarte; presidente del Colegio Veracruzano de Valuadores Profesionales A.C., y el Ing. Jos\u00e9 Joel Guevara Barr\u00f3n; presidente del Cuerpo Colegiado de Top\u00f3grafos Veracruzanos A.C.<\/p>\n","protected":false},"excerpt":{"rendered":"<p>*La firma significa un acompa\u00f1amiento t\u00e9cnico para diversas acciones a desarrollar por parte del ayuntamiento de Boca del R\u00edo durante los 4 a\u00f1os de administraci\u00f3n. Boca del R\u00edo, Ver.- Bajo la instrucci\u00f3n de conformar un gobierno incluyente e imparcial, se convoc\u00f3 a los Colegios Profesionales, para la firma de un convenio de colaboraci\u00f3n, que forma [&hellip;]<\/p>\n","protected":false},"author":1,"featured_media":27394,"comment_status":"open","ping_status":"open","sticky":false,"template":"","format":"standard","meta":{"_jetpack_memberships_contains_paid_content":false,"footnotes":""},"categories":[2],"tags":[],"class_list":["post-27393","post","type-post","status-publish","format-standard","has-post-thumbnail","hentry","category-estado"],"jetpack_featured_media_url":"https:\/\/encuentroinformativo.com.mx\/wp-content\/uploads\/2022\/05\/1E7EA887-491C-44E9-AF29-5B9950EF0DCC.jpeg","jetpack_sharing_enabled":true,"jetpack_likes_enabled":true,"amp_enabled":true,"_links":{"self":[{"href":"https:\/\/encuentroinformativo.com.mx\/index.php?rest_route=\/wp\/v2\/posts\/27393","targetHints":{"allow":["GET"]}}],"collection":[{"href":"https:\/\/encuentroinformativo.com.mx\/index.php?rest_route=\/wp\/v2\/posts"}],"about":[{"href":"https:\/\/encuentroinformativo.com.mx\/index.php?rest_route=\/wp\/v2\/types\/post"}],"author":[{"embeddable":true,"href":"https:\/\/encuentroinformativo.com.mx\/index.php?rest_route=\/wp\/v2\/users\/1"}],"replies":[{"embeddable":true,"href":"https:\/\/encuentroinformativo.com.mx\/index.php?rest_route=%2Fwp%2Fv2%2Fcomments&post=27393"}],"version-history":[{"count":1,"href":"https:\/\/encuentroinformativo.com.mx\/index.php?rest_route=\/wp\/v2\/posts\/27393\/revisions"}],"predecessor-version":[{"id":27395,"href":"https:\/\/encuentroinformativo.com.mx\/index.php?rest_route=\/wp\/v2\/posts\/27393\/revisions\/27395"}],"wp:featuredmedia":[{"embeddable":true,"href":"https:\/\/encuentroinformativo.com.mx\/index.php?rest_route=\/wp\/v2\/media\/27394"}],"wp:attachment":[{"href":"https:\/\/encuentroinformativo.com.mx\/index.php?rest_route=%2Fwp%2Fv2%2Fmedia&parent=27393"}],"wp:term":[{"taxonomy":"category","embeddable":true,"href":"https:\/\/encuentroinformativo.com.mx\/index.php?rest_route=%2Fwp%2Fv2%2Fcategories&post=27393"},{"taxonomy":"post_tag","embeddable":true,"href":"https:\/\/encuentroinformativo.com.mx\/index.php?rest_route=%2Fwp%2Fv2%2Ftags&post=27393"}],"curies":[{"name":"wp","href":"https:\/\/api.w.org\/{rel}","templated":true}]}}