{"id":27397,"date":"2022-05-19T09:02:14","date_gmt":"2022-05-19T14:02:14","guid":{"rendered":"https:\/\/encuentroinformativo.com.mx\/?p=27397"},"modified":"2022-05-19T09:02:16","modified_gmt":"2022-05-19T14:02:16","slug":"antonio-regreso-a-casa-y-merece-respeto","status":"publish","type":"post","link":"https:\/\/encuentroinformativo.com.mx\/?p=27397","title":{"rendered":"ANTONIO REGRES\u00d3 A CASA Y MERECE RESPETO"},"content":{"rendered":"\n<p><strong>ColumnaSinNombre<br>@pablojair<\/strong><\/p>\n\n\n\n<ul class=\"wp-block-list\"><li>Atentado contra directivo de Pemex, \u00bfpor contratos?<\/li><li>Vino Carlos Bremer a Xalapa y rob\u00f3 c\u00e1mara.<\/li><li>\u00bfQue T\u00edo Dante viene otra vez a hacerla de \u201cdope\u201d?<\/li><li>Manda gobernador a su operador estrella al Aquarium.<\/li><\/ul>\n\n\n\n<p>\u00bfEntonces &#8220;Ulito&#8221; tiene membres\u00eda de por vida en Cin\u00e9polis?<br>\u2014Chopenjawer<\/p>\n\n\n\n<p>Lo mejor que pudo hacer la familia de Antonio de Jes\u00fas \u201cN\u201d (el joven que acusaron falsamente de ser asesino de dos periodistas) fue no prestarse a hacer esc\u00e1ndalo de un grave el error de la Fiscal\u00eda General del Estado y la Coordinaci\u00f3n Nacional Antisecuestro (Conase).<\/p>\n\n\n\n<p>No cayeron en el juego de quienes los trataron de provocar; \u201cGracias a nosotros te liberaron\u201d, le gritaban quienes quer\u00edan arrancarle una declaraci\u00f3n a su llegada a Xalapa.<\/p>\n\n\n\n<p>Por lo qu\u00e9 pas\u00f3 Antonio y su familia es algo que no se le desea a nadie, m\u00e1xime cuando en M\u00e9xico hay poca confianza a las autoridades ministeriales y de repente te llegue un comando fuertemente armado acus\u00e1ndote de ser responsable del asesinato de dos personas; que horas despu\u00e9s esto lo celebre la autoridad como un logro y mientras tanto crece el tema como un asunto resuelto en medio de la espiral de violencia contra periodistas.<\/p>\n\n\n\n<p>Y es que imag\u00ednese si a Antonio de Jes\u00fas no lo hubiesen ayudado sus familiares y amigos que se movilizaron para pedir la intervenci\u00f3n casi divina para que la autoridad ministerial rectificara su error: hab\u00edan detenido a un inocente y no hab\u00eda las pruebas (o la voluntad de verificar) para avalar la detenci\u00f3n por un crimen grave. Antonio siempre estuvo en Xalapa y nunca anduvo huyendo por Naolinco, como enviaron en comunicado: estaba trabajando como repartidor en la capital veracruzana.<\/p>\n\n\n\n<p>Imag\u00ednese usted el calvario de ser detenido por polic\u00edas; estar vulnerable y sometido con miedo ante cuerpos policiacos que tienen la fama de torturar y que te llevan qui\u00e9n sabe a d\u00f3nde. Seg\u00fan el gobernador Cuitl\u00e1huac Garc\u00eda Jim\u00e9nez, el joven nunca estuvo incomunicado; que incluso hizo una videollamada con sus padres, pero mientras tanto Antonio ya estaba siendo enviado a Coatzacoalcos: un lugar donde no conoce a nadie y lejos de su familia.<\/p>\n\n\n\n<p>\u00bfEn verdad era necesario llevarlo hasta Coatzacoalcos para hacer el cotejo de identificaci\u00f3n? Seg\u00fan la versi\u00f3n semioficial, el joven accedi\u00f3 a viajar\u2026 Ni modo que se opusiera con los guarros armados cerca.<\/p>\n\n\n\n<p>Antonio y su familia pasaron por horas de angustia hasta que se enteraron por la noche del martes que iba a ser liberado porque, efectivamente, los de la Conase y la FGE cometieron el error de detener y casi procesar a una persona cuyo \u00fanico pecado es tener el mismo nombre de un delincuente.<\/p>\n\n\n\n<p>Por cierto, la traves\u00eda tambi\u00e9n fue parte del calvario.<\/p>\n\n\n\n<p>Y es que con toda indolencia de los causantes del error, a los padres de Antonio de Jes\u00fas &#8220;N&#8221; no les qued\u00f3 mas que irse en ADO hacia Coatzacoalcos para recoger a su hijo que estaba siendo procesado por un crimen que no cometi\u00f3. Ya avanzado en su ruta el cami\u00f3n hacia el sur &#8211;partiendo desde Xalapa&#8211; a alguien con sentido com\u00fan en Gobierno del Estado se le prendi\u00f3 el foco y decidieron alcanzar dicho transporte por el rumbo de La Antigua para ser ellos quienes transportaran a los padres en una unidad oficial (es lo menos que pod\u00edan hacer, luego de la pifia).<\/p>\n\n\n\n<p>No obstante, los familiares tuvieron una madrugada tortuosa: no pudieron llegar en la madrugada, como estaba previsto, porque hubo un fuerte accidente en la autopista, cerca de Acayucan, lo que los paraliz\u00f3 por horas. Finalmente cerca de las 7.30 de la ma\u00f1ana llegaron a Coatzacoalcos y a las 10 horas avisaron que salieron con rumbo a Xalapa, aunque tuvieron qu\u00e9 habilitar una segunda camioneta porque ya no cab\u00edan todos.<\/p>\n\n\n\n<p>\u00bfHabr\u00e1 alguien castigado por la pifia? \u00bfVan a compensar a la familia por el error grav\u00edsimo que estuvo a punto de poner a un inocente en la c\u00e1rcel? \u00bfSe ofrecer\u00e1 disculpas p\u00fablicas por el error o se mantendr\u00e1 la l\u00ednea indolente? \u00bfLe cuesta tanto a la Fiscal\u00eda o a la Conase decir \u201cnos equivocamos, pero seguimos trabajando\u201d? \u00bfEn verdad no pueden bajar dos rayitas a la soberbia y actuar con tantita humildad?<\/p>\n\n\n\n<p>\u00bfY de veras tienen identificados a los responsables del asesinato de las reporteras? Porque el muy delicado caso regresa a donde estaba: sin presuntos culpables detenidos.<\/p>\n\n\n\n<p>\u201cGracias a nosotros te liberaron\u201d\u2026 No se la succionen, \u201ccompa\u00f1eres\u201d: respeten a la familia porque no le deben nada a medios; ellos tienen que ser respetados si no quieren dar declaraciones y estar en su casa para superar este trance, que no fue nada f\u00e1cil de enfrentar.<\/p>\n\n\n\n<p><strong>NOTA PARA PEGAR EN EL REFRI:<\/strong> Que surge la versi\u00f3n de que el atentado que sufri\u00f3 el gerente de la refiner\u00eda de Minatitl\u00e1n, este martes, es debido a presiones para que otorgue contratos a determinadas compa\u00f1\u00edas constructoras\u2026 Que ya anteriormente hab\u00eda sido amenazado y afortunadamente la libr\u00f3 de ser abatido por dos pistoleros que viajaban en una motocicleta y lo atacaron all\u00e1 por los rumbos de la colonia Primero de Mayo\u2026 Se comenta tambi\u00e9n que es posible que cambien a dicho funcionario, el cual no es de la zona\u2026 Esto tambi\u00e9n deber\u00eda ser tema de reflexi\u00f3n para que funcionarios de \u00e1reas estrat\u00e9gicas de Pemex deber\u00edan de ser escoltados por los elementos de seguridad f\u00edsica, pues aunque que vivimos en tiempos donde se acabaron los privilegios como los guaruras, la delincuencia organizada sigue siendo un dolor de test\u00edculos que puede atentar contra un servidor p\u00fablico\u2026 \u00bfYa ven por qu\u00e9 tampoco hay m\u00e9dicos especialistas en el Hospital de Pemex de Mina?<\/p>\n\n\n\n<p><strong>OTRA NOTA: <\/strong>Que quien se rob\u00f3 reflectores este mi\u00e9rcoles en Xalapa fue el empresario Carlos Bremer, quien se hizo mundialmente famoso con el programa de emprendedores \u201cShark Tank\u201d, siendo uno de los empresarios\/banqueros\/inversionistas m\u00e1s carism\u00e1ticos en M\u00e9xico\u2026 Don Carlos fue invitado a la reapertura de la Estancia Garnica, el asilo de derechohabientes retirados del Instituto de Pensiones del Estado (IPE) que fue entregado en comodato a polic\u00edas y marinos, quitando un bien de los trabajadores como si fuese propiedad del gobierno\u2026 Aqu\u00ed Don Carlos, CitiBanamex y otros realizaron una donaci\u00f3n de cerca de 6.5 millones de pesos para la rehabilitaci\u00f3n del espacio\u2026 El \u201ctibur\u00f3n\u201d tambi\u00e9n se dio tiempo de tomarse la foto con los periodistas y declarar en torno al deporte, que es donde le gusta invertir mucho\u2026 Habl\u00f3 de los Rojos del \u00c1guila y de los Tiburones Rojos: \u201cEs una afici\u00f3n incre\u00edble que tengan la oportunidad de ver a esos h\u00e9roes a los estadios. Se revivi\u00f3 a las \u00c1guilas de Veracruz que eran una leyenda. Nosotros traemos el b\u00e9isbol en la sangre; revivir las \u00c1guilas fue muy importante. Estamos viendo otros proyectos. Vamos a buscar recuperar los Tiburones de Veracruz\u201d\u2026 Y s\u00ed la neta es un tipo muy bonach\u00f3n, bromista, y huele a jokeis.<\/p>\n\n\n\n<p><strong>OTRA NOTA EXTRA: <\/strong>Que seg\u00fan va a venir en las pr\u00f3ximas horas el T\u00edo Dante a Veracruz para hacerla de flatulencia por el tema del Acuario de Veracruz. El ver las reacciones de sus amiguis los Yunes y los Pazos s\u00f3lo abonan m\u00e1s a la sospecha de que tra\u00edan un negociazo particular con uno de los sitios tur\u00edsticos m\u00e1s importantes del estado\u2026 Ya sabe: vendr\u00e1 a hacer arengas, pero al rato se le pasa el berrinche y se vuelve a guardar. M\u00e1s cuando AMLO consiente a sus gobernadores de Jalisco y Nuevo Le\u00f3n.<\/p>\n\n\n\n<p><strong>LA \u00daLTIMA PORQUE TOCA VER MI NOVELA DE HALO: <\/strong>El gobernador Cuitl\u00e1huac Garc\u00eda Jim\u00e9nez tuvo que mandar a su operador estrella del gobierno para el tema de la administraci\u00f3n del nuevo Aquarium y meter calma\u2026 Y es que este este mi\u00e9rcoles lleg\u00f3 al Puerto de Veracruz el titular de la Secretar\u00eda de Finanzas y Planeaci\u00f3n, Jos\u00e9 Luis Lima Franco, quien sostuvo una reuni\u00f3n con trabajadores del extinto Acuario y donde se aclararon dudas sobre la nueva relaci\u00f3n laboral, acord\u00e1ndose que a partir de este jueves reiniciar\u00e1n las actividades y continuar\u00e1 el funcionamiento normal\u2026 Lima Franco garantiz\u00f3 una liquidaci\u00f3n de acuerdo a la ley as\u00ed como la recontrataci\u00f3n inmediata, ahora bajo el Gobierno del Estado, para que puedan cobrar la quincena del 30 de mayo pr\u00f3ximo.<\/p>\n","protected":false},"excerpt":{"rendered":"<p>ColumnaSinNombre@pablojair Atentado contra directivo de Pemex, \u00bfpor contratos? Vino Carlos Bremer a Xalapa y rob\u00f3 c\u00e1mara. \u00bfQue T\u00edo Dante viene otra vez a hacerla de \u201cdope\u201d? Manda gobernador a su operador estrella al Aquarium. \u00bfEntonces &#8220;Ulito&#8221; tiene membres\u00eda de por vida en Cin\u00e9polis?\u2014Chopenjawer Lo mejor que pudo hacer la familia de Antonio de Jes\u00fas \u201cN\u201d [&hellip;]<\/p>\n","protected":false},"author":1,"featured_media":488,"comment_status":"open","ping_status":"open","sticky":false,"template":"","format":"standard","meta":{"_jetpack_memberships_contains_paid_content":false,"footnotes":""},"categories":[11],"tags":[],"class_list":["post-27397","post","type-post","status-publish","format-standard","has-post-thumbnail","hentry","category-opinion"],"jetpack_featured_media_url":"https:\/\/encuentroinformativo.com.mx\/wp-content\/uploads\/2020\/03\/F471F608-BA1A-416B-BA7B-BCFB24F4E6D0.jpeg","jetpack_sharing_enabled":true,"jetpack_likes_enabled":true,"amp_enabled":true,"_links":{"self":[{"href":"https:\/\/encuentroinformativo.com.mx\/index.php?rest_route=\/wp\/v2\/posts\/27397","targetHints":{"allow":["GET"]}}],"collection":[{"href":"https:\/\/encuentroinformativo.com.mx\/index.php?rest_route=\/wp\/v2\/posts"}],"about":[{"href":"https:\/\/encuentroinformativo.com.mx\/index.php?rest_route=\/wp\/v2\/types\/post"}],"author":[{"embeddable":true,"href":"https:\/\/encuentroinformativo.com.mx\/index.php?rest_route=\/wp\/v2\/users\/1"}],"replies":[{"embeddable":true,"href":"https:\/\/encuentroinformativo.com.mx\/index.php?rest_route=%2Fwp%2Fv2%2Fcomments&post=27397"}],"version-history":[{"count":1,"href":"https:\/\/encuentroinformativo.com.mx\/index.php?rest_route=\/wp\/v2\/posts\/27397\/revisions"}],"predecessor-version":[{"id":27398,"href":"https:\/\/encuentroinformativo.com.mx\/index.php?rest_route=\/wp\/v2\/posts\/27397\/revisions\/27398"}],"wp:featuredmedia":[{"embeddable":true,"href":"https:\/\/encuentroinformativo.com.mx\/index.php?rest_route=\/wp\/v2\/media\/488"}],"wp:attachment":[{"href":"https:\/\/encuentroinformativo.com.mx\/index.php?rest_route=%2Fwp%2Fv2%2Fmedia&parent=27397"}],"wp:term":[{"taxonomy":"category","embeddable":true,"href":"https:\/\/encuentroinformativo.com.mx\/index.php?rest_route=%2Fwp%2Fv2%2Fcategories&post=27397"},{"taxonomy":"post_tag","embeddable":true,"href":"https:\/\/encuentroinformativo.com.mx\/index.php?rest_route=%2Fwp%2Fv2%2Ftags&post=27397"}],"curies":[{"name":"wp","href":"https:\/\/api.w.org\/{rel}","templated":true}]}}