{"id":27408,"date":"2022-05-19T11:49:56","date_gmt":"2022-05-19T16:49:56","guid":{"rendered":"https:\/\/encuentroinformativo.com.mx\/?p=27408"},"modified":"2022-05-19T11:50:00","modified_gmt":"2022-05-19T16:50:00","slug":"evitan-funcionarios-federales-hablar-de-errores-de-fge","status":"publish","type":"post","link":"https:\/\/encuentroinformativo.com.mx\/?p=27408","title":{"rendered":"Evitan funcionarios federales hablar de errores de FGE"},"content":{"rendered":"\n<p><strong>Juan Arcos<\/strong><\/p>\n\n\n\n<p>Xalapa, Ver.- Hay dos \u00f3rdenes de aprehensi\u00f3n contra los presuntos responsables del asesinato de las reporteras Yessenia Mollinedo Falconi y Sheila Johana Garc\u00eda, en el municipio de Cosoleacaque, al sur de Veracruz.<\/p>\n\n\n\n<p>As\u00ed lo dio a conocer el subsecretario de la Secretar\u00eda de Seguridad y Protecci\u00f3n Ciudadana (SSPC), Ricardo Mej\u00eda Berdeja, durante la conferencia ma\u00f1anera del presidente Andr\u00e9s Manuel L\u00f3pez Obrador.<\/p>\n\n\n\n<p>El funcionario federal evit\u00f3 hablar del\u00a0error cometido por la Fiscal\u00eda General del Estado (FGE), en coordinaci\u00f3n con la Comisi\u00f3n Nacional Antisecuestro, tras detener al joven estudiante Antonio de Jes\u00fas como presunto responsable de los homicidios y posteriormente liberarlo, reconociendo que se equivocaron.<\/p>\n\n\n\n<p>Yessenia y Sheila Johana ejecutadas el pasado 9 de mayo, cuando se encontraban al interior de un veh\u00edculo particular, afuera de una tienda de autoservicio; sin embargo, hasta el momento no hay detenidos por este doble crimen.<\/p>\n\n\n\n<p>El estudiante del Instituto Tecnol\u00f3gico Superior de Xalapa, quien tambi\u00e9n laboraba como motorrepartidor, fue detenido el pasado 17 de mayo en la ciudad de Xalapa.<\/p>\n\n\n\n<p>Sus familiares y amigos protestaron para exigir su liberaci\u00f3n, pues presentaron pruebas de que el joven, de 20 a\u00f1os, se encontraba en la capital del estado cuando las comunicadoras fueron atacadas a balazos, a unas siete horas de distancia.<\/p>\n\n\n\n<p>Antonio de Jes\u00fas y sus padres se reunieron a puerta cerrada con el gobernador Cuitl\u00e1huac Garc\u00eda Jim\u00e9nez en Palacio de Gobierno, la tarde de ayer mi\u00e9rcoles, luego de que fuera arrestado y liberado tras haber sido confundido por personal de la Fiscal\u00eda; sin embargo, cuando salieron del encuentro, negaron declaraciones a los medios de comunicaci\u00f3n.<\/p>\n\n\n\n<p>Las familias de la directora del portal El Veraz y de la otra reportera contin\u00faan a la espera de que sea esclarecido el caso y se aplique todo el peso de la ley contra los responsables de su asesinato.<\/p>\n","protected":false},"excerpt":{"rendered":"<p>Juan Arcos Xalapa, Ver.- Hay dos \u00f3rdenes de aprehensi\u00f3n contra los presuntos responsables del asesinato de las reporteras Yessenia Mollinedo Falconi y Sheila Johana Garc\u00eda, en el municipio de Cosoleacaque, al sur de Veracruz. As\u00ed lo dio a conocer el subsecretario de la Secretar\u00eda de Seguridad y Protecci\u00f3n Ciudadana (SSPC), Ricardo Mej\u00eda Berdeja, durante la [&hellip;]<\/p>\n","protected":false},"author":1,"featured_media":27409,"comment_status":"open","ping_status":"open","sticky":false,"template":"","format":"standard","meta":{"_jetpack_memberships_contains_paid_content":false,"footnotes":""},"categories":[2],"tags":[],"class_list":["post-27408","post","type-post","status-publish","format-standard","has-post-thumbnail","hentry","category-estado"],"jetpack_featured_media_url":"https:\/\/encuentroinformativo.com.mx\/wp-content\/uploads\/2022\/05\/3AD7350F-1F39-4230-9805-EF3318027238.jpeg","jetpack_sharing_enabled":true,"jetpack_likes_enabled":true,"amp_enabled":true,"_links":{"self":[{"href":"https:\/\/encuentroinformativo.com.mx\/index.php?rest_route=\/wp\/v2\/posts\/27408","targetHints":{"allow":["GET"]}}],"collection":[{"href":"https:\/\/encuentroinformativo.com.mx\/index.php?rest_route=\/wp\/v2\/posts"}],"about":[{"href":"https:\/\/encuentroinformativo.com.mx\/index.php?rest_route=\/wp\/v2\/types\/post"}],"author":[{"embeddable":true,"href":"https:\/\/encuentroinformativo.com.mx\/index.php?rest_route=\/wp\/v2\/users\/1"}],"replies":[{"embeddable":true,"href":"https:\/\/encuentroinformativo.com.mx\/index.php?rest_route=%2Fwp%2Fv2%2Fcomments&post=27408"}],"version-history":[{"count":1,"href":"https:\/\/encuentroinformativo.com.mx\/index.php?rest_route=\/wp\/v2\/posts\/27408\/revisions"}],"predecessor-version":[{"id":27410,"href":"https:\/\/encuentroinformativo.com.mx\/index.php?rest_route=\/wp\/v2\/posts\/27408\/revisions\/27410"}],"wp:featuredmedia":[{"embeddable":true,"href":"https:\/\/encuentroinformativo.com.mx\/index.php?rest_route=\/wp\/v2\/media\/27409"}],"wp:attachment":[{"href":"https:\/\/encuentroinformativo.com.mx\/index.php?rest_route=%2Fwp%2Fv2%2Fmedia&parent=27408"}],"wp:term":[{"taxonomy":"category","embeddable":true,"href":"https:\/\/encuentroinformativo.com.mx\/index.php?rest_route=%2Fwp%2Fv2%2Fcategories&post=27408"},{"taxonomy":"post_tag","embeddable":true,"href":"https:\/\/encuentroinformativo.com.mx\/index.php?rest_route=%2Fwp%2Fv2%2Ftags&post=27408"}],"curies":[{"name":"wp","href":"https:\/\/api.w.org\/{rel}","templated":true}]}}