{"id":2741,"date":"2020-05-22T13:31:55","date_gmt":"2020-05-22T18:31:55","guid":{"rendered":"https:\/\/encuentroinformativo.com\/?p=2741"},"modified":"2020-05-22T13:31:57","modified_gmt":"2020-05-22T18:31:57","slug":"concluira-la-normal-ciclo-escolar-en-linea-director","status":"publish","type":"post","link":"https:\/\/encuentroinformativo.com.mx\/?p=2741","title":{"rendered":"Concluir\u00e1 la Normal ciclo escolar \u201cen l\u00ednea\u201d: Director"},"content":{"rendered":"\n<p><strong>Juan Arcos<\/strong><\/p>\n\n\n\n<p>Xalapa, Ver.- La Benem\u00e9rita Escuela Normal Veracruzana \u201cEnrique C. Rebsamen\u201d culminar\u00e1 el ciclo escolar en l\u00ednea, dio a conocer el director de esta instituci\u00f3n, Daniel Dom\u00ednguez Aguilar.<\/p>\n\n\n\n<p>El acad\u00e9mico asegur\u00f3 que la Normal Veracruzana est\u00e1 alineada con base en la informaci\u00f3n proporcionada por la Secretar\u00eda de Salud, la Secretar\u00eda de Educaci\u00f3n P\u00fablica (SEP) y la Secretar\u00eda de Educaci\u00f3n de Veracruz (SEV).<\/p>\n\n\n\n<p>\u201cEn realidad lo que pudiera decir debe estar alineado exactamente a la informaci\u00f3n que paulatinamente van dando las autoridades ( de salud, la SEP y la SEV. Y por la informaci\u00f3n que, seguro estoy tienes, se dice que el ciclo escolar terminar\u00e1 en l\u00ednea\u201d, expres\u00f3.<\/p>\n\n\n\n<p>Tambi\u00e9n mencion\u00f3 que existe gran incertidumbre respecto a las fechas para irse incorporando a la normalidad.<\/p>\n\n\n\n<p>Y es que todo depende de la situaci\u00f3n de salud que enfrenta la entidad veracruzana por la pandemia del COVID-19.<\/p>\n\n\n\n<p>Cabe recordar que de mi\u00e9rcoles a jueves de esta semana se registraron 19 fallecimientos y 142 nuevos casos positivos de coronavirus en Veracruz.<\/p>\n\n\n\n<p>En ese sentido, mediante un comunicado, la Universidad Veracruzana (UV) inform\u00f3 que no se regresar\u00e1 a clases el pr\u00f3ximo 1\u00ba de junio.<\/p>\n\n\n\n<p>Por tal motivo, los universitarios deber\u00e1n continuar con el programa a distancia.<\/p>\n\n\n\n<p><\/p>\n","protected":false},"excerpt":{"rendered":"<p>Juan Arcos Xalapa, Ver.- La Benem\u00e9rita Escuela Normal Veracruzana \u201cEnrique C. Rebsamen\u201d culminar\u00e1 el ciclo escolar en l\u00ednea, dio a conocer el director de esta instituci\u00f3n, Daniel Dom\u00ednguez Aguilar. El acad\u00e9mico asegur\u00f3 que la Normal Veracruzana est\u00e1 alineada con base en la informaci\u00f3n proporcionada por la Secretar\u00eda de Salud, la Secretar\u00eda de Educaci\u00f3n P\u00fablica (SEP) [&hellip;]<\/p>\n","protected":false},"author":1,"featured_media":2742,"comment_status":"open","ping_status":"open","sticky":false,"template":"","format":"standard","meta":{"_jetpack_memberships_contains_paid_content":false,"footnotes":""},"categories":[3],"tags":[],"class_list":["post-2741","post","type-post","status-publish","format-standard","has-post-thumbnail","hentry","category-xalapa"],"jetpack_featured_media_url":"https:\/\/encuentroinformativo.com.mx\/wp-content\/uploads\/2020\/05\/3A9D1DE8-33BA-4D0A-A141-A88018460B4B.jpeg","jetpack_sharing_enabled":true,"jetpack_likes_enabled":true,"amp_enabled":true,"_links":{"self":[{"href":"https:\/\/encuentroinformativo.com.mx\/index.php?rest_route=\/wp\/v2\/posts\/2741","targetHints":{"allow":["GET"]}}],"collection":[{"href":"https:\/\/encuentroinformativo.com.mx\/index.php?rest_route=\/wp\/v2\/posts"}],"about":[{"href":"https:\/\/encuentroinformativo.com.mx\/index.php?rest_route=\/wp\/v2\/types\/post"}],"author":[{"embeddable":true,"href":"https:\/\/encuentroinformativo.com.mx\/index.php?rest_route=\/wp\/v2\/users\/1"}],"replies":[{"embeddable":true,"href":"https:\/\/encuentroinformativo.com.mx\/index.php?rest_route=%2Fwp%2Fv2%2Fcomments&post=2741"}],"version-history":[{"count":1,"href":"https:\/\/encuentroinformativo.com.mx\/index.php?rest_route=\/wp\/v2\/posts\/2741\/revisions"}],"predecessor-version":[{"id":2743,"href":"https:\/\/encuentroinformativo.com.mx\/index.php?rest_route=\/wp\/v2\/posts\/2741\/revisions\/2743"}],"wp:featuredmedia":[{"embeddable":true,"href":"https:\/\/encuentroinformativo.com.mx\/index.php?rest_route=\/wp\/v2\/media\/2742"}],"wp:attachment":[{"href":"https:\/\/encuentroinformativo.com.mx\/index.php?rest_route=%2Fwp%2Fv2%2Fmedia&parent=2741"}],"wp:term":[{"taxonomy":"category","embeddable":true,"href":"https:\/\/encuentroinformativo.com.mx\/index.php?rest_route=%2Fwp%2Fv2%2Fcategories&post=2741"},{"taxonomy":"post_tag","embeddable":true,"href":"https:\/\/encuentroinformativo.com.mx\/index.php?rest_route=%2Fwp%2Fv2%2Ftags&post=2741"}],"curies":[{"name":"wp","href":"https:\/\/api.w.org\/{rel}","templated":true}]}}