{"id":27414,"date":"2022-05-19T12:56:46","date_gmt":"2022-05-19T17:56:46","guid":{"rendered":"https:\/\/encuentroinformativo.com.mx\/?p=27414"},"modified":"2022-05-19T12:56:50","modified_gmt":"2022-05-19T17:56:50","slug":"niega-alcaldesa-incurrir-en-violencia-politica-de-genero","status":"publish","type":"post","link":"https:\/\/encuentroinformativo.com.mx\/?p=27414","title":{"rendered":"Niega Alcaldesa incurrir en violencia pol\u00edtica de g\u00e9nero"},"content":{"rendered":"\n<p><strong>Juan Arcos <\/strong><\/p>\n\n\n\n<p>Xalapa, Ver.- La alcaldesa de Actopan, Mar\u00eda Esther L\u00f3pez Callejas, rechaz\u00f3 que se haya cometido violencia pol\u00edtica en raz\u00f3n de g\u00e9nero contra sus compa\u00f1eras regidoras Mar\u00eda Sivilina Guevara Herrera y Mar\u00eda Erika Rosado Rivera.<\/p>\n\n\n\n<p>La funcionaria asegur\u00f3 que las ediles siempre han sido tomadas en cuenta en todos los eventos de la administraci\u00f3n municipal y desminti\u00f3 las declaraciones que ellas realizaron a medios de comunicaci\u00f3n durante el mi\u00e9rcoles 18 de mayo.<\/p>\n\n\n\n<p>Tambi\u00e9n mencion\u00f3 que prueba de ello son las numerosas publicaciones que se observan en la p\u00e1gina oficial del Ayuntamiento de Actopan, donde las funcionarias quejosas han participado.<\/p>\n\n\n\n<p>\u201cDe manera personal yo les digo que rechazo la violencia en contra de la mujer, su servidora ha estado siempre dispuesta a apoyarlas en lo necesario y siempre se les ha circulado en tiempo y forma las invitaciones para las sesiones de Cabildo, en el momento en que no ha sido as\u00ed es en reuniones que al momento suceden y que convoco a los regidores que est\u00e1n, desgraciadamente ellas ya despu\u00e9s de las dos de la tarde, no se encuentran en el ayuntamiento\u201d, expres\u00f3.<\/p>\n\n\n\n<p>La Presidenta Municipal indic\u00f3 que siempre estar\u00e1 abierta al di\u00e1logo para resolver cualquier malentendido con las regidoras que tambi\u00e9n denunciaron discriminaci\u00f3n.<\/p>\n\n\n\n<p>\u201cEl no pensar en el bien p\u00fablico es lo que nos hace tener este tipo de acciones que est\u00e1n teniendo estas compa\u00f1eras, hay muchas mujeres que lucharon porque nosotras tengamos el cargo que hoy podemos ostentar, pero \u00bfqu\u00e9 es lo que necesitamos?, responder\u201d, manifest\u00f3.<\/p>\n\n\n\n<p>Cabe recordar que las regidoras primera y segunda acusaron que han sido excluidas de las sesiones de Cabildo y de los eventos que se realizan por parte de la administraci\u00f3n municipal.<\/p>\n\n\n\n<p>En ese sentido, L\u00f3pez Callejas asegur\u00f3 que ella permanece laborando hasta las diez u once de la noche en el Palacio Municipal; sin embargo, las ediles no se suman.<\/p>\n\n\n\n<p>\u201cSi le preguntan al pueblo de Actopan, ellos les van a decir que nosotros estamos 10, 11 de la noche trabajando y en ning\u00fan momento las compa\u00f1eras se suman, para eso s\u00ed, disculpen, no se requiere de una invitaci\u00f3n. Yo no vengo a hablar mal de las compa\u00f1eras, creo yo que las compa\u00f1eras son buenas mujeres, yo soy ama de casa y soy peluquera como me llaman, pero eso no me hace menos sensible a la problem\u00e1tica que vive mi municipio\u201d, culmin\u00f3.<\/p>\n","protected":false},"excerpt":{"rendered":"<p>Juan Arcos Xalapa, Ver.- La alcaldesa de Actopan, Mar\u00eda Esther L\u00f3pez Callejas, rechaz\u00f3 que se haya cometido violencia pol\u00edtica en raz\u00f3n de g\u00e9nero contra sus compa\u00f1eras regidoras Mar\u00eda Sivilina Guevara Herrera y Mar\u00eda Erika Rosado Rivera. La funcionaria asegur\u00f3 que las ediles siempre han sido tomadas en cuenta en todos los eventos de la administraci\u00f3n [&hellip;]<\/p>\n","protected":false},"author":1,"featured_media":27415,"comment_status":"open","ping_status":"open","sticky":false,"template":"","format":"standard","meta":{"_jetpack_memberships_contains_paid_content":false,"footnotes":""},"categories":[8],"tags":[],"class_list":["post-27414","post","type-post","status-publish","format-standard","has-post-thumbnail","hentry","category-region"],"jetpack_featured_media_url":"https:\/\/encuentroinformativo.com.mx\/wp-content\/uploads\/2022\/05\/ADD6717F-64F9-4D8B-A7FF-C4CC3A8867E2.jpeg","jetpack_sharing_enabled":true,"jetpack_likes_enabled":true,"amp_enabled":true,"_links":{"self":[{"href":"https:\/\/encuentroinformativo.com.mx\/index.php?rest_route=\/wp\/v2\/posts\/27414","targetHints":{"allow":["GET"]}}],"collection":[{"href":"https:\/\/encuentroinformativo.com.mx\/index.php?rest_route=\/wp\/v2\/posts"}],"about":[{"href":"https:\/\/encuentroinformativo.com.mx\/index.php?rest_route=\/wp\/v2\/types\/post"}],"author":[{"embeddable":true,"href":"https:\/\/encuentroinformativo.com.mx\/index.php?rest_route=\/wp\/v2\/users\/1"}],"replies":[{"embeddable":true,"href":"https:\/\/encuentroinformativo.com.mx\/index.php?rest_route=%2Fwp%2Fv2%2Fcomments&post=27414"}],"version-history":[{"count":1,"href":"https:\/\/encuentroinformativo.com.mx\/index.php?rest_route=\/wp\/v2\/posts\/27414\/revisions"}],"predecessor-version":[{"id":27416,"href":"https:\/\/encuentroinformativo.com.mx\/index.php?rest_route=\/wp\/v2\/posts\/27414\/revisions\/27416"}],"wp:featuredmedia":[{"embeddable":true,"href":"https:\/\/encuentroinformativo.com.mx\/index.php?rest_route=\/wp\/v2\/media\/27415"}],"wp:attachment":[{"href":"https:\/\/encuentroinformativo.com.mx\/index.php?rest_route=%2Fwp%2Fv2%2Fmedia&parent=27414"}],"wp:term":[{"taxonomy":"category","embeddable":true,"href":"https:\/\/encuentroinformativo.com.mx\/index.php?rest_route=%2Fwp%2Fv2%2Fcategories&post=27414"},{"taxonomy":"post_tag","embeddable":true,"href":"https:\/\/encuentroinformativo.com.mx\/index.php?rest_route=%2Fwp%2Fv2%2Ftags&post=27414"}],"curies":[{"name":"wp","href":"https:\/\/api.w.org\/{rel}","templated":true}]}}