{"id":27417,"date":"2022-05-19T13:17:36","date_gmt":"2022-05-19T18:17:36","guid":{"rendered":"https:\/\/encuentroinformativo.com.mx\/?p=27417"},"modified":"2022-05-19T13:17:40","modified_gmt":"2022-05-19T18:17:40","slug":"invita-ayuntamiento-a-la-expo-flor-y-miel-xalapa-2022","status":"publish","type":"post","link":"https:\/\/encuentroinformativo.com.mx\/?p=27417","title":{"rendered":"Invita Ayuntamiento a la Expo Flor y Miel Xalapa 2022"},"content":{"rendered":"\n<p><strong>*Del 26 al 31 de mayo, de 9:00 a 19:00 horas, en el Paseo de los Lagos<\/strong>.<\/p>\n\n\n\n<p>Xalapa, Ver.- Para recuperar espacios p\u00fablicos tradicionales, reactivar la econom\u00eda de la regi\u00f3n y fomentar la convivencia familiar, el Ayuntamiento, en un esfuerzo conjunto con el Gobierno del Estado y la Universidad Veracruzana (UV), invita a la poblaci\u00f3n a asistir a la Expo Flor y Miel Xalapa 2022.<\/p>\n\n\n\n<p>El regidor Diego David Florescano P\u00e9rez detall\u00f3 que el evento se desarrollar\u00e1 del 26 al 31 de mayo de 9:00 a 19:00 horas en el Paseo de los Lagos, donde se contar\u00e1 con la participaci\u00f3n de m\u00e1s de 120 floricultores y apicultores que ofrecer\u00e1n sus productos, tal y como se hac\u00eda antes con ferias que daban identidad a esta, la Ciudad de las Flores.<\/p>\n\n\n\n<p>De acuerdo con el Edil, se dispondr\u00e1 de un programa art\u00edstico organizado por la Direcci\u00f3n de Cultura con la intenci\u00f3n de que la sociedad retome los espacios p\u00fablicos tradicionales del municipio, con actividades atractivas para todas las edades mientras se acude a alguna capacitaci\u00f3n o adquiere alg\u00fan producto.<\/p>\n\n\n\n<p>En el cartel art\u00edstico destaca la participaci\u00f3n de la Orquesta Pauta Nueva con un concierto de danz\u00f3n programado para las 19:00 horas del d\u00eda 26 de mayo, as\u00ed como la presentaci\u00f3n de Los Cumbiosos, a las 14:00 horas; el Ballet Folcl\u00f3rico Infantil de la ESAV, a las 16:00 horas, y la Orquesta Pauta Nueva a las 18:00 horas, todo esto, el 28 de mayo.<\/p>\n\n\n\n<p>Para asegurar la salud de participantes y asistentes, durante el evento se vigilar\u00e1 el respeto a todas las medidas sanitarias y de seguridad vigentes para evitar la propagaci\u00f3n del Coronavirus SARS-CoV-2, como el uso obligatorio de cubrebocas.<\/p>\n","protected":false},"excerpt":{"rendered":"<p>*Del 26 al 31 de mayo, de 9:00 a 19:00 horas, en el Paseo de los Lagos. Xalapa, Ver.- Para recuperar espacios p\u00fablicos tradicionales, reactivar la econom\u00eda de la regi\u00f3n y fomentar la convivencia familiar, el Ayuntamiento, en un esfuerzo conjunto con el Gobierno del Estado y la Universidad Veracruzana (UV), invita a la poblaci\u00f3n [&hellip;]<\/p>\n","protected":false},"author":1,"featured_media":27418,"comment_status":"open","ping_status":"open","sticky":false,"template":"","format":"standard","meta":{"_jetpack_memberships_contains_paid_content":false,"footnotes":""},"categories":[3],"tags":[],"class_list":["post-27417","post","type-post","status-publish","format-standard","has-post-thumbnail","hentry","category-xalapa"],"jetpack_featured_media_url":"https:\/\/encuentroinformativo.com.mx\/wp-content\/uploads\/2022\/05\/D74DB652-3267-48CF-9123-EADD09D18FAB.jpeg","jetpack_sharing_enabled":true,"jetpack_likes_enabled":true,"amp_enabled":true,"_links":{"self":[{"href":"https:\/\/encuentroinformativo.com.mx\/index.php?rest_route=\/wp\/v2\/posts\/27417","targetHints":{"allow":["GET"]}}],"collection":[{"href":"https:\/\/encuentroinformativo.com.mx\/index.php?rest_route=\/wp\/v2\/posts"}],"about":[{"href":"https:\/\/encuentroinformativo.com.mx\/index.php?rest_route=\/wp\/v2\/types\/post"}],"author":[{"embeddable":true,"href":"https:\/\/encuentroinformativo.com.mx\/index.php?rest_route=\/wp\/v2\/users\/1"}],"replies":[{"embeddable":true,"href":"https:\/\/encuentroinformativo.com.mx\/index.php?rest_route=%2Fwp%2Fv2%2Fcomments&post=27417"}],"version-history":[{"count":1,"href":"https:\/\/encuentroinformativo.com.mx\/index.php?rest_route=\/wp\/v2\/posts\/27417\/revisions"}],"predecessor-version":[{"id":27419,"href":"https:\/\/encuentroinformativo.com.mx\/index.php?rest_route=\/wp\/v2\/posts\/27417\/revisions\/27419"}],"wp:featuredmedia":[{"embeddable":true,"href":"https:\/\/encuentroinformativo.com.mx\/index.php?rest_route=\/wp\/v2\/media\/27418"}],"wp:attachment":[{"href":"https:\/\/encuentroinformativo.com.mx\/index.php?rest_route=%2Fwp%2Fv2%2Fmedia&parent=27417"}],"wp:term":[{"taxonomy":"category","embeddable":true,"href":"https:\/\/encuentroinformativo.com.mx\/index.php?rest_route=%2Fwp%2Fv2%2Fcategories&post=27417"},{"taxonomy":"post_tag","embeddable":true,"href":"https:\/\/encuentroinformativo.com.mx\/index.php?rest_route=%2Fwp%2Fv2%2Ftags&post=27417"}],"curies":[{"name":"wp","href":"https:\/\/api.w.org\/{rel}","templated":true}]}}