{"id":27420,"date":"2022-05-19T13:39:21","date_gmt":"2022-05-19T18:39:21","guid":{"rendered":"https:\/\/encuentroinformativo.com.mx\/?p=27420"},"modified":"2022-05-19T13:39:25","modified_gmt":"2022-05-19T18:39:25","slug":"reclaman-petistas-liberacion-de-pasiano-rueda","status":"publish","type":"post","link":"https:\/\/encuentroinformativo.com.mx\/?p=27420","title":{"rendered":"Reclaman petistas liberaci\u00f3n de Pasiano Rueda"},"content":{"rendered":"\n<p><strong>Juan Arcos <\/strong><\/p>\n\n\n\n<p>Xalapa, Ver.- Decenas de militantes del Partido del Trabajo (PT) protestaron frente a Palacio de Gobierno para exigir la liberaci\u00f3n de su compa\u00f1ero Pasiano Rueda Canseco, alcalde electo de Jes\u00fas Carranza, quien obtuvo el triunfo en la pasada elecci\u00f3n extraordinaria celebrada el pasado 27 de marzo.<\/p>\n\n\n\n<p>Los quejosos recordaron que el pasado 30 octubre, mientras se encontraba hospedado en un hotel de la ciudad de Acayucan, un grupo de polic\u00edas ministeriales ingres\u00f3 a su habitaci\u00f3n y lo sac\u00f3 con violencia, para trasladarlo a Minatitl\u00e1n y ponerlo a disposici\u00f3n del Agente del Ministerio P\u00fablico por los delitos de ultrajes a la autoridad y contra la salud p\u00fablica.<\/p>\n\n\n\n<p>Se\u00f1alaron que, ante la invalidez del delito de ultrajes a la autoridad por parte de la Suprema Corte de Justicia de la Naci\u00f3n (SCJN), la Fiscal\u00eda General del Estado (FGE) ha presentado acusaci\u00f3n por el delito de tentativa de homicidio y delito contra la salud en su modalidad de posesi\u00f3n simple de droga.<\/p>\n\n\n\n<p>De acuerdo con el diputado local y comisionado pol\u00edtico nacional del PT, Ram\u00f3n D\u00edaz \u00c1vila, los pobladores de Jes\u00fas Carranza amagan con cerrar carreteras en la zona sur del estado si Pasiano Rueda no es liberado de la c\u00e1rcel.<\/p>\n\n\n\n<p>\u201cNos han dicho si el d\u00eda primero de julio no viene Pasiano Rueda a tomar protesta, nadie nos a controlar, nadie nos va a controlar\u201d, expres\u00f3.<\/p>\n\n\n\n<p>Rueda Canseco tendr\u00eda que rendir protesta como alcalde de Jes\u00fas Carranza, el pr\u00f3ximo 1 de julio, de acuerdo con los tiempos electorales establecidos en el estado de Veracruz.<\/p>\n\n\n\n<p>Cabe recordar que la jornada electoral tuvo que repetirse debido a presuntos disturbios registrados en la pasada elecci\u00f3n ordinaria del pasado 7 de junio.<\/p>\n\n\n\n<p>Los quejosos pidieron la intervenci\u00f3n del gobernador Cuitl\u00e1huac Garc\u00eda Jim\u00e9nez para que se respete la libertad de Rueda Canseco.<\/p>\n\n\n\n<figure class=\"wp-block-image size-large\"><img loading=\"lazy\" decoding=\"async\" width=\"1024\" height=\"768\" src=\"https:\/\/encuentroinformativo.com.mx\/wp-content\/uploads\/2022\/05\/09F47C46-4306-4715-8B79-7FE2D650698C-1024x768.jpeg\" alt=\"\" class=\"wp-image-27422\" srcset=\"https:\/\/encuentroinformativo.com.mx\/wp-content\/uploads\/2022\/05\/09F47C46-4306-4715-8B79-7FE2D650698C-1024x768.jpeg 1024w, https:\/\/encuentroinformativo.com.mx\/wp-content\/uploads\/2022\/05\/09F47C46-4306-4715-8B79-7FE2D650698C-300x225.jpeg 300w, https:\/\/encuentroinformativo.com.mx\/wp-content\/uploads\/2022\/05\/09F47C46-4306-4715-8B79-7FE2D650698C-768x576.jpeg 768w, https:\/\/encuentroinformativo.com.mx\/wp-content\/uploads\/2022\/05\/09F47C46-4306-4715-8B79-7FE2D650698C-1536x1152.jpeg 1536w, https:\/\/encuentroinformativo.com.mx\/wp-content\/uploads\/2022\/05\/09F47C46-4306-4715-8B79-7FE2D650698C.jpeg 1600w\" sizes=\"auto, (max-width: 1024px) 100vw, 1024px\" \/><\/figure>\n","protected":false},"excerpt":{"rendered":"<p>Juan Arcos Xalapa, Ver.- Decenas de militantes del Partido del Trabajo (PT) protestaron frente a Palacio de Gobierno para exigir la liberaci\u00f3n de su compa\u00f1ero Pasiano Rueda Canseco, alcalde electo de Jes\u00fas Carranza, quien obtuvo el triunfo en la pasada elecci\u00f3n extraordinaria celebrada el pasado 27 de marzo. Los quejosos recordaron que el pasado 30 [&hellip;]<\/p>\n","protected":false},"author":1,"featured_media":27421,"comment_status":"open","ping_status":"open","sticky":false,"template":"","format":"standard","meta":{"_jetpack_memberships_contains_paid_content":false,"footnotes":""},"categories":[2],"tags":[],"class_list":["post-27420","post","type-post","status-publish","format-standard","has-post-thumbnail","hentry","category-estado"],"jetpack_featured_media_url":"https:\/\/encuentroinformativo.com.mx\/wp-content\/uploads\/2022\/05\/E6E33CFE-5C3C-4178-9CA9-E1CCDB8B5E0A.jpeg","jetpack_sharing_enabled":true,"jetpack_likes_enabled":true,"amp_enabled":true,"_links":{"self":[{"href":"https:\/\/encuentroinformativo.com.mx\/index.php?rest_route=\/wp\/v2\/posts\/27420","targetHints":{"allow":["GET"]}}],"collection":[{"href":"https:\/\/encuentroinformativo.com.mx\/index.php?rest_route=\/wp\/v2\/posts"}],"about":[{"href":"https:\/\/encuentroinformativo.com.mx\/index.php?rest_route=\/wp\/v2\/types\/post"}],"author":[{"embeddable":true,"href":"https:\/\/encuentroinformativo.com.mx\/index.php?rest_route=\/wp\/v2\/users\/1"}],"replies":[{"embeddable":true,"href":"https:\/\/encuentroinformativo.com.mx\/index.php?rest_route=%2Fwp%2Fv2%2Fcomments&post=27420"}],"version-history":[{"count":1,"href":"https:\/\/encuentroinformativo.com.mx\/index.php?rest_route=\/wp\/v2\/posts\/27420\/revisions"}],"predecessor-version":[{"id":27423,"href":"https:\/\/encuentroinformativo.com.mx\/index.php?rest_route=\/wp\/v2\/posts\/27420\/revisions\/27423"}],"wp:featuredmedia":[{"embeddable":true,"href":"https:\/\/encuentroinformativo.com.mx\/index.php?rest_route=\/wp\/v2\/media\/27421"}],"wp:attachment":[{"href":"https:\/\/encuentroinformativo.com.mx\/index.php?rest_route=%2Fwp%2Fv2%2Fmedia&parent=27420"}],"wp:term":[{"taxonomy":"category","embeddable":true,"href":"https:\/\/encuentroinformativo.com.mx\/index.php?rest_route=%2Fwp%2Fv2%2Fcategories&post=27420"},{"taxonomy":"post_tag","embeddable":true,"href":"https:\/\/encuentroinformativo.com.mx\/index.php?rest_route=%2Fwp%2Fv2%2Ftags&post=27420"}],"curies":[{"name":"wp","href":"https:\/\/api.w.org\/{rel}","templated":true}]}}