{"id":27427,"date":"2022-05-19T14:05:07","date_gmt":"2022-05-19T19:05:07","guid":{"rendered":"https:\/\/encuentroinformativo.com.mx\/?p=27427"},"modified":"2022-05-19T14:05:11","modified_gmt":"2022-05-19T19:05:11","slug":"gobierno-no-se-disculpara-con-jesus-antonio-cuitlahuac-garcia","status":"publish","type":"post","link":"https:\/\/encuentroinformativo.com.mx\/?p=27427","title":{"rendered":"Gobierno no se disculpar\u00e1 con Jes\u00fas Antonio: Cuitl\u00e1huac Garc\u00eda"},"content":{"rendered":"\n<p><strong>Dar\u00edo Pale <\/strong><\/p>\n\n\n\n<p>Xalapa, Ver.- El Gobierno de Veracruz no se disculpar\u00e1 p\u00fablicamente con Jes\u00fas Antonio, salvo que as\u00ed se lo solicite la familia, indic\u00f3 el gobernador Cuitl\u00e1huac Garc\u00eda Jim\u00e9nez.<\/p>\n\n\n\n<p>En entrevista, el Ejecutivo reiter\u00f3 que no se le violaron sus derechos humanos al haber sido detenido ni durante el traslado, pero tampoco por difundirse su imagen en medios por parte de la Fiscal\u00eda General del Estado.<\/p>\n\n\n\n<p>&#8220;Eso es a trav\u00e9s de una solicitud (la disculpa p\u00fablica), pero no tendr\u00edamos ning\u00fan problema. Es un buen joven, la mala fortuna es que se llama exactamente igual que la persona que se sigue buscando&#8221;, se\u00f1al\u00f3.<\/p>\n\n\n\n<p>Rechaz\u00f3 que vaya a haber responsabilidad contra los elementos que ejecutaron la orden de aprehensi\u00f3n que emiti\u00f3 un juez.<\/p>\n\n\n\n<p><strong>Los Tiburones Rojos<\/strong><\/p>\n\n\n\n<p>En otro orden de ideas, respecto de que el equipo de los Tiburones del Veracruz, vuelvan, estim\u00f3 que antes de que concluya su administraci\u00f3n habr\u00e1n retomado el equipo.<\/p>\n\n\n\n<p>Dijo que el empresario Carlos Bremer, manifest\u00f3 su apoyo para contactar empresarios que est\u00e9n interesados en retomar el equipo y que utilicen el estadio Luis El \u201cPirata\u201d Fuente.<\/p>\n\n\n\n<p>Se comprometi\u00f3 a ayudar a destrabar el asunto con la Federaci\u00f3n de F\u00fatbol, toda vez que conoce muy bien el medio y puede ayudar.<\/p>\n\n\n\n<p>Mientras que el compromiso de su administraci\u00f3n es rehabilitar el estadio al 100 por ciento y &#8220;antes de que termine la administraci\u00f3n podamos contar con un equipo de primera&#8221;.<\/p>\n","protected":false},"excerpt":{"rendered":"<p>Dar\u00edo Pale Xalapa, Ver.- El Gobierno de Veracruz no se disculpar\u00e1 p\u00fablicamente con Jes\u00fas Antonio, salvo que as\u00ed se lo solicite la familia, indic\u00f3 el gobernador Cuitl\u00e1huac Garc\u00eda Jim\u00e9nez. En entrevista, el Ejecutivo reiter\u00f3 que no se le violaron sus derechos humanos al haber sido detenido ni durante el traslado, pero tampoco por difundirse su [&hellip;]<\/p>\n","protected":false},"author":1,"featured_media":27428,"comment_status":"open","ping_status":"open","sticky":false,"template":"","format":"standard","meta":{"_jetpack_memberships_contains_paid_content":false,"footnotes":""},"categories":[2],"tags":[],"class_list":["post-27427","post","type-post","status-publish","format-standard","has-post-thumbnail","hentry","category-estado"],"jetpack_featured_media_url":"https:\/\/encuentroinformativo.com.mx\/wp-content\/uploads\/2022\/05\/67AB6EB1-8008-403C-A228-1FF2082EA33A.jpeg","jetpack_sharing_enabled":true,"jetpack_likes_enabled":true,"amp_enabled":true,"_links":{"self":[{"href":"https:\/\/encuentroinformativo.com.mx\/index.php?rest_route=\/wp\/v2\/posts\/27427","targetHints":{"allow":["GET"]}}],"collection":[{"href":"https:\/\/encuentroinformativo.com.mx\/index.php?rest_route=\/wp\/v2\/posts"}],"about":[{"href":"https:\/\/encuentroinformativo.com.mx\/index.php?rest_route=\/wp\/v2\/types\/post"}],"author":[{"embeddable":true,"href":"https:\/\/encuentroinformativo.com.mx\/index.php?rest_route=\/wp\/v2\/users\/1"}],"replies":[{"embeddable":true,"href":"https:\/\/encuentroinformativo.com.mx\/index.php?rest_route=%2Fwp%2Fv2%2Fcomments&post=27427"}],"version-history":[{"count":1,"href":"https:\/\/encuentroinformativo.com.mx\/index.php?rest_route=\/wp\/v2\/posts\/27427\/revisions"}],"predecessor-version":[{"id":27429,"href":"https:\/\/encuentroinformativo.com.mx\/index.php?rest_route=\/wp\/v2\/posts\/27427\/revisions\/27429"}],"wp:featuredmedia":[{"embeddable":true,"href":"https:\/\/encuentroinformativo.com.mx\/index.php?rest_route=\/wp\/v2\/media\/27428"}],"wp:attachment":[{"href":"https:\/\/encuentroinformativo.com.mx\/index.php?rest_route=%2Fwp%2Fv2%2Fmedia&parent=27427"}],"wp:term":[{"taxonomy":"category","embeddable":true,"href":"https:\/\/encuentroinformativo.com.mx\/index.php?rest_route=%2Fwp%2Fv2%2Fcategories&post=27427"},{"taxonomy":"post_tag","embeddable":true,"href":"https:\/\/encuentroinformativo.com.mx\/index.php?rest_route=%2Fwp%2Fv2%2Ftags&post=27427"}],"curies":[{"name":"wp","href":"https:\/\/api.w.org\/{rel}","templated":true}]}}