{"id":27430,"date":"2022-05-19T14:33:21","date_gmt":"2022-05-19T19:33:21","guid":{"rendered":"https:\/\/encuentroinformativo.com.mx\/?p=27430"},"modified":"2022-05-19T14:33:24","modified_gmt":"2022-05-19T19:33:24","slug":"abren-aquarium-en-el-puerto-de-veracruz","status":"publish","type":"post","link":"https:\/\/encuentroinformativo.com.mx\/?p=27430","title":{"rendered":"Abren Aquarium en el Puerto de Veracruz"},"content":{"rendered":"\n<p><strong>Alejandro \u00c1vila<\/strong><\/p>\n\n\n\n<p>Veracruz, Ver.- Este jueves 19 de mayo, justo una semana despu\u00e9s de haber sido clausurado, abri\u00f3 sus puertas al p\u00fablico el nuevo <em>Aquarium<\/em> del Puerto de Veracruz; aunque ser\u00e1 en aproximadamente cu\u00e1ndo se haga el relanzamiento oficial del recinto.<\/p>\n\n\n\n<p>El Procurador de Medio Ambiente, Sergio Rodr\u00edguez Cort\u00e9s dijo que, la Procaduria Federal de Protecci\u00f3n de Medio Ambiente (PROFEPA), visitar\u00e1 el recinto el pr\u00f3ximo lunes, d\u00f3nde solicitar\u00e1n la documentaci\u00f3n correspondiente para actualizar los permisos de operaci\u00f3n, ya que estos actualmente pertenecen al Fideicomiso del Acuario de Veracruz, hoy extinto.<\/p>\n\n\n\n<p>&#8220;PROFEPA viene el d\u00eda lunes, vamos a platicar ese tema con ellos y tambi\u00e9n la parte legal de la Secretar\u00eda de Finanzas, estamos revisando qu\u00e9 procede legalmente con esta documental que seguramente existe, est\u00e1 f\u00edsicamente en este lugar, lo vamos a revisar y vamos a tomar la mejor decisi\u00f3n&#8221;, apunt\u00f3.<\/p>\n\n\n\n<p>Sergio Rodr\u00edguez Cort\u00e9s dijo que, el Consejo de Administraci\u00f3n de la Procuradur\u00eda de Medio Ambiente es el que se encargar\u00e1 de todo el proceso financiero del Aquarium del Puerto de Veracruz, y se estima qu\u00e9 el costo anual para su manutenci\u00f3n es de aproximadamente 90 millones de pesos.<\/p>\n\n\n\n<p>Este Consejo de Administraci\u00f3n de la PMA ser\u00e1 el encargado de definir en pr\u00f3ximos d\u00edas los nuevos costos de acceso en el Aquarium del Puerto de Veracruz, el monto recaudado ser\u00e1 entregado a la Secretar\u00eda de Finanzas y Planeaci\u00f3n (SEFIPLAN) para que est\u00e1 haga, posteriormente, la distribuci\u00f3n de recursos manera adecuada.<\/p>\n","protected":false},"excerpt":{"rendered":"<p>Alejandro \u00c1vila Veracruz, Ver.- Este jueves 19 de mayo, justo una semana despu\u00e9s de haber sido clausurado, abri\u00f3 sus puertas al p\u00fablico el nuevo Aquarium del Puerto de Veracruz; aunque ser\u00e1 en aproximadamente cu\u00e1ndo se haga el relanzamiento oficial del recinto. El Procurador de Medio Ambiente, Sergio Rodr\u00edguez Cort\u00e9s dijo que, la Procaduria Federal de [&hellip;]<\/p>\n","protected":false},"author":1,"featured_media":27431,"comment_status":"open","ping_status":"open","sticky":false,"template":"","format":"standard","meta":{"_jetpack_memberships_contains_paid_content":false,"footnotes":""},"categories":[2],"tags":[],"class_list":["post-27430","post","type-post","status-publish","format-standard","has-post-thumbnail","hentry","category-estado"],"jetpack_featured_media_url":"https:\/\/encuentroinformativo.com.mx\/wp-content\/uploads\/2022\/05\/5501FDEF-3E0A-45F6-80E7-B55869EFEA3F.jpeg","jetpack_sharing_enabled":true,"jetpack_likes_enabled":true,"amp_enabled":true,"_links":{"self":[{"href":"https:\/\/encuentroinformativo.com.mx\/index.php?rest_route=\/wp\/v2\/posts\/27430","targetHints":{"allow":["GET"]}}],"collection":[{"href":"https:\/\/encuentroinformativo.com.mx\/index.php?rest_route=\/wp\/v2\/posts"}],"about":[{"href":"https:\/\/encuentroinformativo.com.mx\/index.php?rest_route=\/wp\/v2\/types\/post"}],"author":[{"embeddable":true,"href":"https:\/\/encuentroinformativo.com.mx\/index.php?rest_route=\/wp\/v2\/users\/1"}],"replies":[{"embeddable":true,"href":"https:\/\/encuentroinformativo.com.mx\/index.php?rest_route=%2Fwp%2Fv2%2Fcomments&post=27430"}],"version-history":[{"count":1,"href":"https:\/\/encuentroinformativo.com.mx\/index.php?rest_route=\/wp\/v2\/posts\/27430\/revisions"}],"predecessor-version":[{"id":27432,"href":"https:\/\/encuentroinformativo.com.mx\/index.php?rest_route=\/wp\/v2\/posts\/27430\/revisions\/27432"}],"wp:featuredmedia":[{"embeddable":true,"href":"https:\/\/encuentroinformativo.com.mx\/index.php?rest_route=\/wp\/v2\/media\/27431"}],"wp:attachment":[{"href":"https:\/\/encuentroinformativo.com.mx\/index.php?rest_route=%2Fwp%2Fv2%2Fmedia&parent=27430"}],"wp:term":[{"taxonomy":"category","embeddable":true,"href":"https:\/\/encuentroinformativo.com.mx\/index.php?rest_route=%2Fwp%2Fv2%2Fcategories&post=27430"},{"taxonomy":"post_tag","embeddable":true,"href":"https:\/\/encuentroinformativo.com.mx\/index.php?rest_route=%2Fwp%2Fv2%2Ftags&post=27430"}],"curies":[{"name":"wp","href":"https:\/\/api.w.org\/{rel}","templated":true}]}}