{"id":27433,"date":"2022-05-19T15:23:19","date_gmt":"2022-05-19T20:23:19","guid":{"rendered":"https:\/\/encuentroinformativo.com.mx\/?p=27433"},"modified":"2022-05-19T15:23:23","modified_gmt":"2022-05-19T20:23:23","slug":"abanderara-gobernador-a-delegacion-veracruz-de-juegos-nacionales-conade","status":"publish","type":"post","link":"https:\/\/encuentroinformativo.com.mx\/?p=27433","title":{"rendered":"Abanderar\u00e1 Gobernador a delegaci\u00f3n Veracruz de Juegos Nacionales CONADE"},"content":{"rendered":"\n<p><strong>Alejandro \u00c1vila<\/strong><\/p>\n\n\n\n<p>Veracruz, Ver.- El gobernador, Cuitl\u00e1huac Garc\u00eda Jim\u00e9nez, abanderar\u00e1 a la delegaci\u00f3n de Veracruz que participar\u00e1n en los Juegos Nacionales CONADE, el evento se llevar\u00e1 a cabo el pr\u00f3ximo lunes a las 17 horas en la Arena Veracruz.<\/p>\n\n\n\n<p>El director del Instituto Veracruzano del Deporte (IVD), Jos\u00e9 Alberto Nava Lozano mencion\u00f3, qu\u00e9 para el 2022 se aument\u00f3 el n\u00famero de atletas veracruzanos que participar\u00e1n en las sedes de, Baja California Norte, Baja California Sur, Sonora, Sinaloa y Jalisco.<\/p>\n\n\n\n<p>A diferencia de los Juegos Nacionales CONADE 2021, la delegaci\u00f3n de Veracruz aument\u00f3 el n\u00famero de atletas en un 73 por ciento, teniendo una presencia total de 924 deportistas.<\/p>\n\n\n\n<p>En el 2021, el Estado de Veracruz se ubic\u00f3 en el lugar n\u00famero once a nivel nacional, con 134 medallas obtenidas.<\/p>\n\n\n\n<p>&#8220;El lunes ya tenemos la Gala, el abanderamiento de nuestra delegaci\u00f3n, d\u00f3nde tambi\u00e9n se va hacer la presentaci\u00f3n de &#8216;Veracruz en Todo lo Alto&#8217;, es ah\u00ed un trabajo que hizo nuestra gente de prensa, en poner y posicionar, en ese sentido nuestro trabajo. Tenemos ya la participaci\u00f3n, tengo entendido, a no ser que nos cancele, el se\u00f1or gobernador estar\u00eda presente (Cuitl\u00e1huac Garc\u00eda, el se\u00f1or secretario (Zenyazen Escobar), y otras autoridades m\u00e1s, as\u00ed como algunos diputados&#8221;, declar\u00f3 Jos\u00e9 Alberto Nava Lozano.<\/p>\n\n\n\n<p>El \u00e1rea administrativa del Instituto Veracruzano del Deporte (IVD) se\u00f1al\u00f3 que, el presupuesto para el traslado y estancia de los atletas veracruzanos en el Pac\u00edfico mexicano, ronda los 10 millones de pesos.<\/p>\n","protected":false},"excerpt":{"rendered":"<p>Alejandro \u00c1vila Veracruz, Ver.- El gobernador, Cuitl\u00e1huac Garc\u00eda Jim\u00e9nez, abanderar\u00e1 a la delegaci\u00f3n de Veracruz que participar\u00e1n en los Juegos Nacionales CONADE, el evento se llevar\u00e1 a cabo el pr\u00f3ximo lunes a las 17 horas en la Arena Veracruz. El director del Instituto Veracruzano del Deporte (IVD), Jos\u00e9 Alberto Nava Lozano mencion\u00f3, qu\u00e9 para el [&hellip;]<\/p>\n","protected":false},"author":1,"featured_media":27434,"comment_status":"open","ping_status":"open","sticky":false,"template":"","format":"standard","meta":{"_jetpack_memberships_contains_paid_content":false,"footnotes":""},"categories":[2],"tags":[],"class_list":["post-27433","post","type-post","status-publish","format-standard","has-post-thumbnail","hentry","category-estado"],"jetpack_featured_media_url":"https:\/\/encuentroinformativo.com.mx\/wp-content\/uploads\/2022\/05\/0A8B812E-D05F-4D31-BA97-52CB7C290914.jpeg","jetpack_sharing_enabled":true,"jetpack_likes_enabled":true,"amp_enabled":true,"_links":{"self":[{"href":"https:\/\/encuentroinformativo.com.mx\/index.php?rest_route=\/wp\/v2\/posts\/27433","targetHints":{"allow":["GET"]}}],"collection":[{"href":"https:\/\/encuentroinformativo.com.mx\/index.php?rest_route=\/wp\/v2\/posts"}],"about":[{"href":"https:\/\/encuentroinformativo.com.mx\/index.php?rest_route=\/wp\/v2\/types\/post"}],"author":[{"embeddable":true,"href":"https:\/\/encuentroinformativo.com.mx\/index.php?rest_route=\/wp\/v2\/users\/1"}],"replies":[{"embeddable":true,"href":"https:\/\/encuentroinformativo.com.mx\/index.php?rest_route=%2Fwp%2Fv2%2Fcomments&post=27433"}],"version-history":[{"count":1,"href":"https:\/\/encuentroinformativo.com.mx\/index.php?rest_route=\/wp\/v2\/posts\/27433\/revisions"}],"predecessor-version":[{"id":27435,"href":"https:\/\/encuentroinformativo.com.mx\/index.php?rest_route=\/wp\/v2\/posts\/27433\/revisions\/27435"}],"wp:featuredmedia":[{"embeddable":true,"href":"https:\/\/encuentroinformativo.com.mx\/index.php?rest_route=\/wp\/v2\/media\/27434"}],"wp:attachment":[{"href":"https:\/\/encuentroinformativo.com.mx\/index.php?rest_route=%2Fwp%2Fv2%2Fmedia&parent=27433"}],"wp:term":[{"taxonomy":"category","embeddable":true,"href":"https:\/\/encuentroinformativo.com.mx\/index.php?rest_route=%2Fwp%2Fv2%2Fcategories&post=27433"},{"taxonomy":"post_tag","embeddable":true,"href":"https:\/\/encuentroinformativo.com.mx\/index.php?rest_route=%2Fwp%2Fv2%2Ftags&post=27433"}],"curies":[{"name":"wp","href":"https:\/\/api.w.org\/{rel}","templated":true}]}}