{"id":27436,"date":"2022-05-19T15:27:58","date_gmt":"2022-05-19T20:27:58","guid":{"rendered":"https:\/\/encuentroinformativo.com.mx\/?p=27436"},"modified":"2022-05-19T15:28:02","modified_gmt":"2022-05-19T20:28:02","slug":"obra-de-remodelacion-de-edificio-del-ivd-sera-entregada-a-finales-de-junio","status":"publish","type":"post","link":"https:\/\/encuentroinformativo.com.mx\/?p=27436","title":{"rendered":"Obra de remodelaci\u00f3n de edificio del IVD ser\u00e1 entregada a finales de junio"},"content":{"rendered":"\n<p><strong>Alejandro \u00c1vila<\/strong><\/p>\n\n\n\n<p>Veracruz, Ver.- La obra de remodelaci\u00f3n del edificio sede del Instituto Veracruzano del Deporte (IVD) y que compartir\u00e1 sus oficinas con la Procuradur\u00eda de Medio Ambiente (PMA) ser\u00e1 entregada a finales de junio.<\/p>\n\n\n\n<p>Este jueves se realiz\u00f3 un recorrido, para que los medios de comunicaci\u00f3n pudieran visualizar los avances que se tienen en la obra, misma que se encuentra en un 75 por ciento, inform\u00f3 el director del IVD, Jos\u00e9 Alberto Nava Lozano.<\/p>\n\n\n\n<p>La inversi\u00f3n total, seg\u00fan se inform\u00f3 en meses anteriores, ronda los 40 millones de pesos.<\/p>\n\n\n\n<p>Jos\u00e9 Alberto Nava Lozano detall\u00f3 que, en la planta baja habr\u00e1 dos recepciones, una del IVD y otra de PMA; adem\u00e1s del gimnasio de boxeo y el gimnasio &#8220;Romary Rifka&#8221;.<\/p>\n\n\n\n<p>En el primer piso se dispondr\u00e1 un &#8220;mezzanine&#8221;, d\u00f3nde se presume, empresas privadas, previa licitaci\u00f3n, podr\u00e1n instalarse y vender sus productos alimenticios.<\/p>\n\n\n\n<p>En el segundo piso estar\u00e1n las oficinas del Instituto Veracruzano del Deporte, y en el tercer piso, a las oficinas de la Procuradur\u00eda de Medio Ambiente, a cargo de Sergio Rodr\u00edguez Cort\u00e9s.<\/p>\n\n\n\n<p>&#8220;Las \u00faltimas pl\u00e1ticas que tuvimos aqu\u00ed con el arquitecto, nos comentaba que probablemente, espera que a finales del mes de junio qued\u00e9 en edificio terminado. Obviamente, ya viene despu\u00e9s la parte de vestirlo, amueblarlo, para tener bien instaladas las oficinas y el personal trabajando&#8221;, subray\u00f3.<\/p>\n\n\n\n<p>Es de recordar que, el edificio del IVD fue desocupado en diciembre del 2016, cuando Mar\u00eda de los \u00c1ngeles Ortiz asumi\u00f3 el cargo como directora del deporte en Veracruz, y desde esa fecha fue abandonado y se encontraba en ruinas.<\/p>\n","protected":false},"excerpt":{"rendered":"<p>Alejandro \u00c1vila Veracruz, Ver.- La obra de remodelaci\u00f3n del edificio sede del Instituto Veracruzano del Deporte (IVD) y que compartir\u00e1 sus oficinas con la Procuradur\u00eda de Medio Ambiente (PMA) ser\u00e1 entregada a finales de junio. Este jueves se realiz\u00f3 un recorrido, para que los medios de comunicaci\u00f3n pudieran visualizar los avances que se tienen en [&hellip;]<\/p>\n","protected":false},"author":1,"featured_media":27437,"comment_status":"open","ping_status":"open","sticky":false,"template":"","format":"standard","meta":{"_jetpack_memberships_contains_paid_content":false,"footnotes":""},"categories":[2],"tags":[],"class_list":["post-27436","post","type-post","status-publish","format-standard","has-post-thumbnail","hentry","category-estado"],"jetpack_featured_media_url":"https:\/\/encuentroinformativo.com.mx\/wp-content\/uploads\/2022\/05\/81DF0AC2-7098-4E77-92C6-D3BEA840D375.jpeg","jetpack_sharing_enabled":true,"jetpack_likes_enabled":true,"amp_enabled":true,"_links":{"self":[{"href":"https:\/\/encuentroinformativo.com.mx\/index.php?rest_route=\/wp\/v2\/posts\/27436","targetHints":{"allow":["GET"]}}],"collection":[{"href":"https:\/\/encuentroinformativo.com.mx\/index.php?rest_route=\/wp\/v2\/posts"}],"about":[{"href":"https:\/\/encuentroinformativo.com.mx\/index.php?rest_route=\/wp\/v2\/types\/post"}],"author":[{"embeddable":true,"href":"https:\/\/encuentroinformativo.com.mx\/index.php?rest_route=\/wp\/v2\/users\/1"}],"replies":[{"embeddable":true,"href":"https:\/\/encuentroinformativo.com.mx\/index.php?rest_route=%2Fwp%2Fv2%2Fcomments&post=27436"}],"version-history":[{"count":1,"href":"https:\/\/encuentroinformativo.com.mx\/index.php?rest_route=\/wp\/v2\/posts\/27436\/revisions"}],"predecessor-version":[{"id":27438,"href":"https:\/\/encuentroinformativo.com.mx\/index.php?rest_route=\/wp\/v2\/posts\/27436\/revisions\/27438"}],"wp:featuredmedia":[{"embeddable":true,"href":"https:\/\/encuentroinformativo.com.mx\/index.php?rest_route=\/wp\/v2\/media\/27437"}],"wp:attachment":[{"href":"https:\/\/encuentroinformativo.com.mx\/index.php?rest_route=%2Fwp%2Fv2%2Fmedia&parent=27436"}],"wp:term":[{"taxonomy":"category","embeddable":true,"href":"https:\/\/encuentroinformativo.com.mx\/index.php?rest_route=%2Fwp%2Fv2%2Fcategories&post=27436"},{"taxonomy":"post_tag","embeddable":true,"href":"https:\/\/encuentroinformativo.com.mx\/index.php?rest_route=%2Fwp%2Fv2%2Ftags&post=27436"}],"curies":[{"name":"wp","href":"https:\/\/api.w.org\/{rel}","templated":true}]}}