{"id":2744,"date":"2020-05-22T13:37:59","date_gmt":"2020-05-22T18:37:59","guid":{"rendered":"https:\/\/encuentroinformativo.com\/?p=2744"},"modified":"2020-05-22T13:38:01","modified_gmt":"2020-05-22T18:38:01","slug":"ya-casi-analiza-ayuntamiento-poner-en-marcha-empleo-temporal","status":"publish","type":"post","link":"https:\/\/encuentroinformativo.com.mx\/?p=2744","title":{"rendered":"\u00a1Ya casi!&#8230; Analiza Ayuntamiento poner en marcha Empleo Temporal"},"content":{"rendered":"\n<p><strong>Dar\u00edo Pale <\/strong><\/p>\n\n\n\n<p>Xalapa, Ver.- El alcalde de Xalapa Hip\u00f3lito Rodr\u00edguez Herrero dio a conocer que el ayuntamiento est\u00e1 evaluando si en pr\u00f3ximos d\u00edas pone en marcha el programa de empleo temporal, que se hab\u00eda anunciado hace algunas semanas para apoyar a la poblaci\u00f3n que se ha visto afectada por la pandemia ocasionada por el Covid 19.<\/p>\n\n\n\n<p>Detall\u00f3 que es un programa social para ofrecer alguna alternativa de ingreso monetario a la poblaci\u00f3n que actualmente est\u00e1 desempleada en actividades que sean de beneficio para la comunidad.<\/p>\n\n\n\n<p>\u201cEstamos evaluando c\u00f3mo echarlo a andar y una de las prioridades es atender infraestructura urbana como atender el bacheo que es muy importante que sigan las calles mantenidas, pero tambi\u00e9n un tema importante puede ser el de los huertos\u201d, dio a conocer.<\/p>\n\n\n\n<p>Finalmente dijo que a trav\u00e9s de estos se generan alimentos y la gente puede empezar a tener productos cosechados por ellos mismos m\u00e1s saludables y que ayudan a transitar hacia otro modelo de alimentaci\u00f3n.<\/p>\n\n\n\n<p><\/p>\n","protected":false},"excerpt":{"rendered":"<p>Dar\u00edo Pale Xalapa, Ver.- El alcalde de Xalapa Hip\u00f3lito Rodr\u00edguez Herrero dio a conocer que el ayuntamiento est\u00e1 evaluando si en pr\u00f3ximos d\u00edas pone en marcha el programa de empleo temporal, que se hab\u00eda anunciado hace algunas semanas para apoyar a la poblaci\u00f3n que se ha visto afectada por la pandemia ocasionada por el Covid [&hellip;]<\/p>\n","protected":false},"author":1,"featured_media":79,"comment_status":"open","ping_status":"open","sticky":false,"template":"","format":"standard","meta":{"_jetpack_memberships_contains_paid_content":false,"footnotes":""},"categories":[3],"tags":[],"class_list":["post-2744","post","type-post","status-publish","format-standard","has-post-thumbnail","hentry","category-xalapa"],"jetpack_featured_media_url":"https:\/\/encuentroinformativo.com.mx\/wp-content\/uploads\/2020\/02\/ayuntamiento.jpg","jetpack_sharing_enabled":true,"jetpack_likes_enabled":true,"amp_enabled":true,"_links":{"self":[{"href":"https:\/\/encuentroinformativo.com.mx\/index.php?rest_route=\/wp\/v2\/posts\/2744","targetHints":{"allow":["GET"]}}],"collection":[{"href":"https:\/\/encuentroinformativo.com.mx\/index.php?rest_route=\/wp\/v2\/posts"}],"about":[{"href":"https:\/\/encuentroinformativo.com.mx\/index.php?rest_route=\/wp\/v2\/types\/post"}],"author":[{"embeddable":true,"href":"https:\/\/encuentroinformativo.com.mx\/index.php?rest_route=\/wp\/v2\/users\/1"}],"replies":[{"embeddable":true,"href":"https:\/\/encuentroinformativo.com.mx\/index.php?rest_route=%2Fwp%2Fv2%2Fcomments&post=2744"}],"version-history":[{"count":1,"href":"https:\/\/encuentroinformativo.com.mx\/index.php?rest_route=\/wp\/v2\/posts\/2744\/revisions"}],"predecessor-version":[{"id":2745,"href":"https:\/\/encuentroinformativo.com.mx\/index.php?rest_route=\/wp\/v2\/posts\/2744\/revisions\/2745"}],"wp:featuredmedia":[{"embeddable":true,"href":"https:\/\/encuentroinformativo.com.mx\/index.php?rest_route=\/wp\/v2\/media\/79"}],"wp:attachment":[{"href":"https:\/\/encuentroinformativo.com.mx\/index.php?rest_route=%2Fwp%2Fv2%2Fmedia&parent=2744"}],"wp:term":[{"taxonomy":"category","embeddable":true,"href":"https:\/\/encuentroinformativo.com.mx\/index.php?rest_route=%2Fwp%2Fv2%2Fcategories&post=2744"},{"taxonomy":"post_tag","embeddable":true,"href":"https:\/\/encuentroinformativo.com.mx\/index.php?rest_route=%2Fwp%2Fv2%2Ftags&post=2744"}],"curies":[{"name":"wp","href":"https:\/\/api.w.org\/{rel}","templated":true}]}}