{"id":27451,"date":"2022-05-20T09:19:59","date_gmt":"2022-05-20T14:19:59","guid":{"rendered":"https:\/\/encuentroinformativo.com.mx\/?p=27451"},"modified":"2022-05-20T09:20:03","modified_gmt":"2022-05-20T14:20:03","slug":"hasta-en-la-sopa","status":"publish","type":"post","link":"https:\/\/encuentroinformativo.com.mx\/?p=27451","title":{"rendered":"\u00a1Hasta en la sopa!"},"content":{"rendered":"\n<p><strong>Los Pol\u00edticos<\/strong><\/p>\n\n\n\n<p><strong>Salvador Mu\u00f1oz<\/strong><\/p>\n\n\n\n<p>Amigos de la zona conurbada de Veracruz y Boca del R\u00edo as\u00ed como de la capital Xalapa, coinciden en una cosa con respecto a los espectaculares de la revista L\u00edderes Mexicanos quien saca en su promocional, a Sergio Guti\u00e9rrez Luna: les recuerda a un pol\u00edtico del duartismo que al igual que el de Minatitl\u00e1n, fue portada de una revista, si no mal recuerdo, L\u00edder del amigo Omar Alem\u00e1n Chang: Tom\u00e1s Ruiz Gonz\u00e1lez.<\/p>\n\n\n\n<p>La coincidencia no es tanto los espectaculares, la revista y la imagen del pol\u00edtico, ni tampoco que ambos, Sergio y Tom\u00e1s, sea y fue diputado federal\u2026 no, la coincidencia que tejen en torno a ambos, es la aspiraci\u00f3n a ser candidato a la Gubernatura\u2026<\/p>\n\n\n\n<p>En el caso de Tom\u00e1s, \u00e9l apostaba a la chiquita, \u00a1no, Ana de la Reguera no! me refiero a la Gubernatura de dos a\u00f1os que se jug\u00f3 en el 2016.<\/p>\n\n\n\n<p>En el caso de Sergio, dicen que le apuesta a la de seis a\u00f1os a partir del 2024.<\/p>\n\n\n\n<p>A Tom\u00e1s lo ubicaban m\u00e1s en la Ciudad de M\u00e9xico antes de su arribo a Veracruz para ser secretario de Finanzas de Javier Duarte, lugar donde estuvo si la memoria no me falla, casi tres a\u00f1os y por un rato tambi\u00e9n estuvo en la titularidad de la SIOP.<\/p>\n\n\n\n<p>Sin embargo, no era la primera vez que aspiraba a la Gubernatura\u2026 ya en el 2004 fue diputado federal por el PRI y aseguran que fue a petici\u00f3n de Miguel Alem\u00e1n Velasco con la idea de esponjarlo y pudiera posicionarse entre la larga lista de aspirantes que pretend\u00edan la Gubernatura, entre ellos Fidel Herrera Beltr\u00e1n, quien en una de \u00e9sas, a lo mejor fue quien le endilg\u00f3 el mote de \u201cGolondrino\u201d porque as\u00ed, de repente, un d\u00eda apareci\u00f3 por Veracruz\u2026<\/p>\n\n\n\n<p>Si bien, la carrera de Tom\u00e1s fue m\u00e1s por favores que por m\u00e9ritos propios, hay que reconocer que al final fue dirigente de un partido nacional, se dio el lujo de renunciar al PRI y de que lo volvieran a aceptar, adem\u00e1s de ocupar dos carteras en el Gabinete de Duarte\u2026 ah, y ser novio de Ana de la Reguera\u2026 \u00a1adem\u00e1s de que dec\u00edan que era yucateco!<\/p>\n\n\n\n<p>Sergio Guti\u00e9rrez Luna, guste o no, en tan poco tiempo, se ha posicionado entre los morenos y va avanzando entre los veracruzanos\u2026 a diferencia de Tom\u00e1s\u2026 est\u00e1 en el tiempo perfecto para seguir haci\u00e9ndolo y creciendo porque en este momento, s\u00f3lo tiene un camino: para arriba mientras otros y otras ya se estancaron, ya no crecen, ya ni se mueven.<\/p>\n\n\n\n<p>Por Morena y Palacio Nacional est\u00e1 claro que tiene manga ancha para moverse, hacer ruido, gestor\u00eda\u2026 a diferencia de muchos morenos y morenas, sabe de marketing, publicidad y parad\u00f3jicamente, el mejor promotor de su imagen es el que finge como secretario de Gobierno, Bola 8, quien cada vez que lo cita, lo sube, lo impulsa\u2026<\/p>\n\n\n\n<p>Ah! Otra cosa\u2026 esos amigos de la zona conurbada de Veracruz y Boca del R\u00edo as\u00ed como de la capital Xalapa que hilan a Tom\u00e1s Ruiz con Sergio Guti\u00e9rrez, traen al presente otro dato interesante para quienes observaron la suerte del Golondrino con respecto a la Gubernatura en sus dos intentos: recuerdan a Patricio Chirinos Calero\u2026<\/p>\n\n\n\n<p>Nadie de los veracruzanos conoc\u00eda al de Tamu\u00edn\u2026 o P\u00e1nuco\u2026 y el Presidente tuvo a bien sugerirlo al partido como una corcholata que nadie esperaba\u2026<\/p>\n\n\n\n<p>S\u00ed, estamos de acuerdo\u2026 la historia en la pol\u00edtica est\u00e1 muy canija de que se repita\u2026 pero a como est\u00e1 Andr\u00e9s Manuel L\u00f3pez Obrador&nbsp; replicando conceptos de los setentas y parte de los 80, a lo mejor nos d\u00e9 una sorpresa\u2026<\/p>\n\n\n\n<p>Mientras, Sergio Guti\u00e9rrez Luna aparece en portada de la revista \u201cV\u00e9rtigo\u201d&#8230; digo, con eso de que hace unas semanas vandalizaron algunos espectaculares donde aparec\u00eda el diputado federal, en una de \u00e9sas sigamos viendo en Veracruz, Boca del R\u00edo, Xalapa y otros tantos lugares de la entidad la imagen del vecino de Minatitl\u00e1n\u2026 aunque ya lo vemos \u00a1hasta en la sopa!<\/p>\n\n\n\n<p><a href=\"mailto:smcainito@gmail.com\" target=\"_blank\" rel=\"noreferrer noopener\">smcainito@gmail.com<\/a><\/p>\n","protected":false},"excerpt":{"rendered":"<p>Los Pol\u00edticos Salvador Mu\u00f1oz Amigos de la zona conurbada de Veracruz y Boca del R\u00edo as\u00ed como de la capital Xalapa, coinciden en una cosa con respecto a los espectaculares de la revista L\u00edderes Mexicanos quien saca en su promocional, a Sergio Guti\u00e9rrez Luna: les recuerda a un pol\u00edtico del duartismo que al igual que [&hellip;]<\/p>\n","protected":false},"author":1,"featured_media":387,"comment_status":"open","ping_status":"open","sticky":false,"template":"","format":"standard","meta":{"_jetpack_memberships_contains_paid_content":false,"footnotes":""},"categories":[11],"tags":[],"class_list":["post-27451","post","type-post","status-publish","format-standard","has-post-thumbnail","hentry","category-opinion"],"jetpack_featured_media_url":"https:\/\/encuentroinformativo.com.mx\/wp-content\/uploads\/2020\/03\/7CF8A22B-2764-47BE-8F7F-38FE9E5D6A2F.jpeg","jetpack_sharing_enabled":true,"jetpack_likes_enabled":true,"amp_enabled":true,"_links":{"self":[{"href":"https:\/\/encuentroinformativo.com.mx\/index.php?rest_route=\/wp\/v2\/posts\/27451","targetHints":{"allow":["GET"]}}],"collection":[{"href":"https:\/\/encuentroinformativo.com.mx\/index.php?rest_route=\/wp\/v2\/posts"}],"about":[{"href":"https:\/\/encuentroinformativo.com.mx\/index.php?rest_route=\/wp\/v2\/types\/post"}],"author":[{"embeddable":true,"href":"https:\/\/encuentroinformativo.com.mx\/index.php?rest_route=\/wp\/v2\/users\/1"}],"replies":[{"embeddable":true,"href":"https:\/\/encuentroinformativo.com.mx\/index.php?rest_route=%2Fwp%2Fv2%2Fcomments&post=27451"}],"version-history":[{"count":1,"href":"https:\/\/encuentroinformativo.com.mx\/index.php?rest_route=\/wp\/v2\/posts\/27451\/revisions"}],"predecessor-version":[{"id":27452,"href":"https:\/\/encuentroinformativo.com.mx\/index.php?rest_route=\/wp\/v2\/posts\/27451\/revisions\/27452"}],"wp:featuredmedia":[{"embeddable":true,"href":"https:\/\/encuentroinformativo.com.mx\/index.php?rest_route=\/wp\/v2\/media\/387"}],"wp:attachment":[{"href":"https:\/\/encuentroinformativo.com.mx\/index.php?rest_route=%2Fwp%2Fv2%2Fmedia&parent=27451"}],"wp:term":[{"taxonomy":"category","embeddable":true,"href":"https:\/\/encuentroinformativo.com.mx\/index.php?rest_route=%2Fwp%2Fv2%2Fcategories&post=27451"},{"taxonomy":"post_tag","embeddable":true,"href":"https:\/\/encuentroinformativo.com.mx\/index.php?rest_route=%2Fwp%2Fv2%2Ftags&post=27451"}],"curies":[{"name":"wp","href":"https:\/\/api.w.org\/{rel}","templated":true}]}}