{"id":27459,"date":"2022-05-20T11:57:14","date_gmt":"2022-05-20T16:57:14","guid":{"rendered":"https:\/\/encuentroinformativo.com.mx\/?p=27459"},"modified":"2022-05-20T11:57:18","modified_gmt":"2022-05-20T16:57:18","slug":"buscan-a-viridiana-desaparecio-en-cardel","status":"publish","type":"post","link":"https:\/\/encuentroinformativo.com.mx\/?p=27459","title":{"rendered":"Buscan a Viridiana, desapareci\u00f3 en Cardel"},"content":{"rendered":"\n<p><strong>Juan Arcos <\/strong><\/p>\n\n\n\n<p>Xalapa, Ver.- Viridiana Moreno V\u00e1squez se dirig\u00eda a una entrevista de trabajo en un hotel de ciudad Cardel, municipio de La Antigua, el pasado mi\u00e9rcoles 18 de mayo, y, desde entonces, sus familiares no saben nada de ella.<\/p>\n\n\n\n<p>Su esposo e hijo est\u00e1n muy preocupados porque no han podido contactarla y no es com\u00fan que ella se pierda durante horas sin avisar a su familia.<\/p>\n\n\n\n<p>Sus seres queridos iniciaron una b\u00fasqueda y presentaron la denuncia correspondiente para su localizaci\u00f3n.<\/p>\n\n\n\n<p>Viridiana tiene 31 a\u00f1os y vive con su familia en Cardel, pero es originaria de Tlaltetela. Fue vista por \u00faltima vez a las cuatro de la tarde de ese d\u00eda, presuntamente a bordo de una motoneta, color azul, con matr\u00edcula 26YJD.<\/p>\n\n\n\n<p>Se desconoce si fue retenida dentro del hotel o se march\u00f3 en su motoneta, marca Italika. El hotel se encuentra frente al Palacio Municipal y es ampliamente conocido en la zona.<\/p>\n\n\n\n<p>Dicha empresa se deslind\u00f3, mediante un comunicado, de la presunta vacante que se ofrec\u00eda a Viridiana como recepcionista.<\/p>\n\n\n\n<p>La Comisi\u00f3n Estatal de B\u00fasqueda de Veracruz emiti\u00f3 la ficha con la fotograf\u00eda de la desaparecida y sus se\u00f1as particulares.<\/p>\n\n\n\n<p>Ella tiene un lunar en la nariz y un tatuaje en la mu\u00f1eca derecha. El color de sus ojos es caf\u00e9 oscuro, su piel morena clara y su cabello negro, ondulado.<\/p>\n\n\n\n<p>Sus amigos mencionan que adem\u00e1s Viridiana es una excelente deportista, principalmente futbolista.<\/p>\n\n\n\n<p>Sus familiares y conocidos convocaron a una marcha pac\u00edfica a partir de las cinco de la tarde de este viernes 20 de mayo.<\/p>\n\n\n\n<p>El recorrido iniciar\u00e1 frente a la bomba de agua en la colonia Ejidal, en Cardel, y caminar\u00e1n hacia el centro de la ciudad para exigir su aparici\u00f3n con vida.<\/p>\n","protected":false},"excerpt":{"rendered":"<p>Juan Arcos Xalapa, Ver.- Viridiana Moreno V\u00e1squez se dirig\u00eda a una entrevista de trabajo en un hotel de ciudad Cardel, municipio de La Antigua, el pasado mi\u00e9rcoles 18 de mayo, y, desde entonces, sus familiares no saben nada de ella. Su esposo e hijo est\u00e1n muy preocupados porque no han podido contactarla y no es [&hellip;]<\/p>\n","protected":false},"author":1,"featured_media":27460,"comment_status":"open","ping_status":"open","sticky":false,"template":"","format":"standard","meta":{"_jetpack_memberships_contains_paid_content":false,"footnotes":""},"categories":[8],"tags":[],"class_list":["post-27459","post","type-post","status-publish","format-standard","has-post-thumbnail","hentry","category-region"],"jetpack_featured_media_url":"https:\/\/encuentroinformativo.com.mx\/wp-content\/uploads\/2022\/05\/334D3D42-11BE-4FC9-8074-C3EF123638F8.jpeg","jetpack_sharing_enabled":true,"jetpack_likes_enabled":true,"amp_enabled":true,"_links":{"self":[{"href":"https:\/\/encuentroinformativo.com.mx\/index.php?rest_route=\/wp\/v2\/posts\/27459","targetHints":{"allow":["GET"]}}],"collection":[{"href":"https:\/\/encuentroinformativo.com.mx\/index.php?rest_route=\/wp\/v2\/posts"}],"about":[{"href":"https:\/\/encuentroinformativo.com.mx\/index.php?rest_route=\/wp\/v2\/types\/post"}],"author":[{"embeddable":true,"href":"https:\/\/encuentroinformativo.com.mx\/index.php?rest_route=\/wp\/v2\/users\/1"}],"replies":[{"embeddable":true,"href":"https:\/\/encuentroinformativo.com.mx\/index.php?rest_route=%2Fwp%2Fv2%2Fcomments&post=27459"}],"version-history":[{"count":1,"href":"https:\/\/encuentroinformativo.com.mx\/index.php?rest_route=\/wp\/v2\/posts\/27459\/revisions"}],"predecessor-version":[{"id":27461,"href":"https:\/\/encuentroinformativo.com.mx\/index.php?rest_route=\/wp\/v2\/posts\/27459\/revisions\/27461"}],"wp:featuredmedia":[{"embeddable":true,"href":"https:\/\/encuentroinformativo.com.mx\/index.php?rest_route=\/wp\/v2\/media\/27460"}],"wp:attachment":[{"href":"https:\/\/encuentroinformativo.com.mx\/index.php?rest_route=%2Fwp%2Fv2%2Fmedia&parent=27459"}],"wp:term":[{"taxonomy":"category","embeddable":true,"href":"https:\/\/encuentroinformativo.com.mx\/index.php?rest_route=%2Fwp%2Fv2%2Fcategories&post=27459"},{"taxonomy":"post_tag","embeddable":true,"href":"https:\/\/encuentroinformativo.com.mx\/index.php?rest_route=%2Fwp%2Fv2%2Ftags&post=27459"}],"curies":[{"name":"wp","href":"https:\/\/api.w.org\/{rel}","templated":true}]}}