{"id":27465,"date":"2022-05-20T12:06:42","date_gmt":"2022-05-20T17:06:42","guid":{"rendered":"https:\/\/encuentroinformativo.com.mx\/?p=27465"},"modified":"2022-05-20T12:06:45","modified_gmt":"2022-05-20T17:06:45","slug":"convocan-a-marcha-por-desaparicion-de-viridiana-moreno","status":"publish","type":"post","link":"https:\/\/encuentroinformativo.com.mx\/?p=27465","title":{"rendered":"Convocan a marcha por desaparici\u00f3n de Viridiana Moreno"},"content":{"rendered":"\n<p><strong>Alejandro \u00c1vila<\/strong><\/p>\n\n\n\n<p>Veracruz, Ver.- Este viernes 20 de mayo se convoc\u00f3 en la ciudad de Cardel a una marcha en punto de las 5 de la tarde por la desaparici\u00f3n de la joven Viridiana Moreno V\u00e1zquez; la cita es en la bomba de agua de la colonia Ejidal, y el destino final ser\u00e1 el centro de la ciudad, se ha pedido a quienes acompa\u00f1an en la caminata que vistan de blanco.<\/p>\n\n\n\n<p>Viridiana Moreno de apenas 31 a\u00f1os de edad, fue reportada como desaparecida por sus familiares el pasado 18 de mayo; seg\u00fan los reportes, hab\u00eda salido en su motoneta color azul con rumbo al hotel Bienvenido, pues presuntamente, ten\u00eda una entrevista de trabajo, la \u00faltima comunicaci\u00f3n con ella fue a las 12 del d\u00eda del 18 de mayo.<\/p>\n\n\n\n<p>Este jueves 19 de mayo, el hotel Bienvenido de la ciudad de Cardel, emiti\u00f3 un comunicado tras las agresiones sufridas v\u00eda redes sociales.<\/p>\n\n\n\n<p>En el documento mostrado, lamentaron la desaparici\u00f3n de la joven pero aclararon qu\u00e9, su proceso de contrataci\u00f3n es totalmente diferente, por lo cual no tuvieron contacto en ning\u00fan momento con Viridiana, ya que incluso no cuentan con un \u00e1rea de Recursos Humanos y la persona qu\u00e9 se\u00f1alan como reclutadora, no labora en su establecimiento.<\/p>\n\n\n\n<p>De la misma manera, se dijeron abiertos a colaborar con las autoridades pertinentes, para aclarar cualquier situaci\u00f3n confusa.<\/p>\n\n\n\n<p>Familiares y amigos de Viridiana Moreno V\u00e1zquez marcharan la tarde de este viernes con mantas y pancartas, exigiendo se ampl\u00ede el protocolo de b\u00fasqueda, con la finalidad de encontrar a la joven de 31 a\u00f1os a la brevedad posible.<\/p>\n","protected":false},"excerpt":{"rendered":"<p>Alejandro \u00c1vila Veracruz, Ver.- Este viernes 20 de mayo se convoc\u00f3 en la ciudad de Cardel a una marcha en punto de las 5 de la tarde por la desaparici\u00f3n de la joven Viridiana Moreno V\u00e1zquez; la cita es en la bomba de agua de la colonia Ejidal, y el destino final ser\u00e1 el centro [&hellip;]<\/p>\n","protected":false},"author":1,"featured_media":27466,"comment_status":"open","ping_status":"open","sticky":false,"template":"","format":"standard","meta":{"_jetpack_memberships_contains_paid_content":false,"footnotes":""},"categories":[8],"tags":[],"class_list":["post-27465","post","type-post","status-publish","format-standard","has-post-thumbnail","hentry","category-region"],"jetpack_featured_media_url":"https:\/\/encuentroinformativo.com.mx\/wp-content\/uploads\/2022\/05\/7532879B-A6CA-45B8-8373-86CD9E028061.jpeg","jetpack_sharing_enabled":true,"jetpack_likes_enabled":true,"amp_enabled":true,"_links":{"self":[{"href":"https:\/\/encuentroinformativo.com.mx\/index.php?rest_route=\/wp\/v2\/posts\/27465","targetHints":{"allow":["GET"]}}],"collection":[{"href":"https:\/\/encuentroinformativo.com.mx\/index.php?rest_route=\/wp\/v2\/posts"}],"about":[{"href":"https:\/\/encuentroinformativo.com.mx\/index.php?rest_route=\/wp\/v2\/types\/post"}],"author":[{"embeddable":true,"href":"https:\/\/encuentroinformativo.com.mx\/index.php?rest_route=\/wp\/v2\/users\/1"}],"replies":[{"embeddable":true,"href":"https:\/\/encuentroinformativo.com.mx\/index.php?rest_route=%2Fwp%2Fv2%2Fcomments&post=27465"}],"version-history":[{"count":1,"href":"https:\/\/encuentroinformativo.com.mx\/index.php?rest_route=\/wp\/v2\/posts\/27465\/revisions"}],"predecessor-version":[{"id":27467,"href":"https:\/\/encuentroinformativo.com.mx\/index.php?rest_route=\/wp\/v2\/posts\/27465\/revisions\/27467"}],"wp:featuredmedia":[{"embeddable":true,"href":"https:\/\/encuentroinformativo.com.mx\/index.php?rest_route=\/wp\/v2\/media\/27466"}],"wp:attachment":[{"href":"https:\/\/encuentroinformativo.com.mx\/index.php?rest_route=%2Fwp%2Fv2%2Fmedia&parent=27465"}],"wp:term":[{"taxonomy":"category","embeddable":true,"href":"https:\/\/encuentroinformativo.com.mx\/index.php?rest_route=%2Fwp%2Fv2%2Fcategories&post=27465"},{"taxonomy":"post_tag","embeddable":true,"href":"https:\/\/encuentroinformativo.com.mx\/index.php?rest_route=%2Fwp%2Fv2%2Ftags&post=27465"}],"curies":[{"name":"wp","href":"https:\/\/api.w.org\/{rel}","templated":true}]}}