{"id":27471,"date":"2022-05-20T13:21:27","date_gmt":"2022-05-20T18:21:27","guid":{"rendered":"https:\/\/encuentroinformativo.com.mx\/?p=27471"},"modified":"2022-05-20T13:21:31","modified_gmt":"2022-05-20T18:21:31","slug":"nuevo-ataque-armado-en-cordoba-balean-a-mujer","status":"publish","type":"post","link":"https:\/\/encuentroinformativo.com.mx\/?p=27471","title":{"rendered":"Nuevo ataque armado en C\u00f3rdoba, balean a mujer"},"content":{"rendered":"\n<p><strong>Alejandro \u00c1vila<\/strong><\/p>\n\n\n\n<p>C\u00f3rdoba, Ver.- La ma\u00f1ana de este viernes se registr\u00f3 un nuevo ataque armado en la ciudad de C\u00f3rdoba, en esta ocasi\u00f3n fue una mujer qui\u00e9n caminaba por calles de la colonia Los Robles, la que fue atacada a balazos.<\/p>\n\n\n\n<p>Los hechos se registraron justo donde el pasado 19 de octubre del 2021 fue asesinado un hombre tras varios impactos de bala; este atentado es el segundo que se registra en menos de 24 horas, pues hay que recordar qu\u00e9, la tarde del jueves fue asesinado un hombre oriundo del municipio de Amatl\u00e1n en las calles de C\u00f3rdoba.<\/p>\n\n\n\n<p>Al sitio acudieron param\u00e9dicos de la Cruz Roja, quienes trasladaron&nbsp; a la joven un hospital, para recibir atenci\u00f3n m\u00e9dica, su situaci\u00f3n reportada como grave.<\/p>\n\n\n\n<p>El \u00e1rea fue acordonada por elementos de la Polic\u00eda Estatal, posteriormente, elementos de la Polic\u00eda Ministerial y Fiscal\u00eda Regional, tomaron conocimiento de los hechos y levantaron los casquillos que quedaron en el lugar.<\/p>\n\n\n\n<p>Hasta el momento se desconoce la identidad de la v\u00edctima, y se espera que en las pr\u00f3ximas horas se puedan conocer sus generales para dar conocimiento sus familiares.<\/p>\n","protected":false},"excerpt":{"rendered":"<p>Alejandro \u00c1vila C\u00f3rdoba, Ver.- La ma\u00f1ana de este viernes se registr\u00f3 un nuevo ataque armado en la ciudad de C\u00f3rdoba, en esta ocasi\u00f3n fue una mujer qui\u00e9n caminaba por calles de la colonia Los Robles, la que fue atacada a balazos. Los hechos se registraron justo donde el pasado 19 de octubre del 2021 fue [&hellip;]<\/p>\n","protected":false},"author":1,"featured_media":27472,"comment_status":"open","ping_status":"open","sticky":false,"template":"","format":"standard","meta":{"_jetpack_memberships_contains_paid_content":false,"footnotes":""},"categories":[14],"tags":[],"class_list":["post-27471","post","type-post","status-publish","format-standard","has-post-thumbnail","hentry","category-policiaca"],"jetpack_featured_media_url":"https:\/\/encuentroinformativo.com.mx\/wp-content\/uploads\/2022\/05\/29BC3984-A189-44A7-85D6-72FE17D4DF81.jpeg","jetpack_sharing_enabled":true,"jetpack_likes_enabled":true,"amp_enabled":true,"_links":{"self":[{"href":"https:\/\/encuentroinformativo.com.mx\/index.php?rest_route=\/wp\/v2\/posts\/27471","targetHints":{"allow":["GET"]}}],"collection":[{"href":"https:\/\/encuentroinformativo.com.mx\/index.php?rest_route=\/wp\/v2\/posts"}],"about":[{"href":"https:\/\/encuentroinformativo.com.mx\/index.php?rest_route=\/wp\/v2\/types\/post"}],"author":[{"embeddable":true,"href":"https:\/\/encuentroinformativo.com.mx\/index.php?rest_route=\/wp\/v2\/users\/1"}],"replies":[{"embeddable":true,"href":"https:\/\/encuentroinformativo.com.mx\/index.php?rest_route=%2Fwp%2Fv2%2Fcomments&post=27471"}],"version-history":[{"count":1,"href":"https:\/\/encuentroinformativo.com.mx\/index.php?rest_route=\/wp\/v2\/posts\/27471\/revisions"}],"predecessor-version":[{"id":27473,"href":"https:\/\/encuentroinformativo.com.mx\/index.php?rest_route=\/wp\/v2\/posts\/27471\/revisions\/27473"}],"wp:featuredmedia":[{"embeddable":true,"href":"https:\/\/encuentroinformativo.com.mx\/index.php?rest_route=\/wp\/v2\/media\/27472"}],"wp:attachment":[{"href":"https:\/\/encuentroinformativo.com.mx\/index.php?rest_route=%2Fwp%2Fv2%2Fmedia&parent=27471"}],"wp:term":[{"taxonomy":"category","embeddable":true,"href":"https:\/\/encuentroinformativo.com.mx\/index.php?rest_route=%2Fwp%2Fv2%2Fcategories&post=27471"},{"taxonomy":"post_tag","embeddable":true,"href":"https:\/\/encuentroinformativo.com.mx\/index.php?rest_route=%2Fwp%2Fv2%2Ftags&post=27471"}],"curies":[{"name":"wp","href":"https:\/\/api.w.org\/{rel}","templated":true}]}}