{"id":27474,"date":"2022-05-20T13:24:00","date_gmt":"2022-05-20T18:24:00","guid":{"rendered":"https:\/\/encuentroinformativo.com.mx\/?p=27474"},"modified":"2022-05-20T13:24:03","modified_gmt":"2022-05-20T18:24:03","slug":"bloquean-acceso-a-el-tejar-por-falta-de-energia-electrica","status":"publish","type":"post","link":"https:\/\/encuentroinformativo.com.mx\/?p=27474","title":{"rendered":"Bloquean acceso a El Tejar por falta de energ\u00eda el\u00e9ctrica"},"content":{"rendered":"\n<p><strong>Alejandro \u00c1vila<\/strong><\/p>\n\n\n\n<p>Medell\u00edn de Bravo, Ver.- Vecinos de la colonia Francisco Villa del municipio de Medell\u00edn de Bravo, bloquearon la calle Independencia, la cu\u00e1l es el acceso principal hacia la localidad de El Tejar, debido a que llevan dos d\u00edas sin energ\u00eda el\u00e9ctrica.<\/p>\n\n\n\n<p>Los quejosos relataron que, personal de la Comisi\u00f3n Federal de Electricidad (CFE) les asegur\u00f3 que, la tarde de este jueves ya contar\u00edan con el servicio en su totalidad; sin embargo, es el momento en qu\u00e9 se encuentran sin luz en sus viviendas.<\/p>\n\n\n\n<p>El bloqueo gener\u00f3 un conflicto vial, pues es la principal v\u00eda de entrada y salida al municipio de Medell\u00edn, autobuses de pasaje y carros particulares tuvieron que desviar su ruta, perdiendo varios minutos para reincorporarse al tramo carretero principal.<\/p>\n\n\n\n<p>&#8220;No tenemos luz desde el mi\u00e9rcoles, hablamos a Comisi\u00f3n y Comisi\u00f3n nos dice que 24 horas, nos toman el pelo y no se nos hace justo, a m\u00ed se me ech\u00f3 a perder mi comida. Les hablamos y nos dicen, en 4 horas, en 4 horas, ayer vinieron dos de Comisi\u00f3n y nos dijeron que, nos esperaramos unos d\u00edas porque no hay material, c\u00f3mo para pagar si nos exigen, esa es nuestra molestia, que ya llevamos varios d\u00edas, mi ni\u00f1o llora y no se me hace justo&#8221;, se\u00f1al\u00f3 una de las manifestantes.<\/p>\n\n\n\n<p>Al sitio acudi\u00f3 personal de la direcci\u00f3n de Gobernaci\u00f3n del Ayuntamiento de Medell\u00edn de Bravo, qui\u00e9nes fungieron como mediadores entre la ciudadan\u00eda y la Comisi\u00f3n Federal de Electricidad (CFE), asegur\u00e1ndoles que a la brevedad solucionar\u00edan su problema, por lo que se retiraron del sitio y liberaron la vialidad, la cual estuvo suspendida cerca de dos horas.<\/p>\n","protected":false},"excerpt":{"rendered":"<p>Alejandro \u00c1vila Medell\u00edn de Bravo, Ver.- Vecinos de la colonia Francisco Villa del municipio de Medell\u00edn de Bravo, bloquearon la calle Independencia, la cu\u00e1l es el acceso principal hacia la localidad de El Tejar, debido a que llevan dos d\u00edas sin energ\u00eda el\u00e9ctrica. Los quejosos relataron que, personal de la Comisi\u00f3n Federal de Electricidad (CFE) [&hellip;]<\/p>\n","protected":false},"author":1,"featured_media":27475,"comment_status":"open","ping_status":"open","sticky":false,"template":"","format":"standard","meta":{"_jetpack_memberships_contains_paid_content":false,"footnotes":""},"categories":[2],"tags":[],"class_list":["post-27474","post","type-post","status-publish","format-standard","has-post-thumbnail","hentry","category-estado"],"jetpack_featured_media_url":"https:\/\/encuentroinformativo.com.mx\/wp-content\/uploads\/2022\/05\/A891E3DF-BFF2-4FD2-B4E6-A7661113F017.jpeg","jetpack_sharing_enabled":true,"jetpack_likes_enabled":true,"amp_enabled":true,"_links":{"self":[{"href":"https:\/\/encuentroinformativo.com.mx\/index.php?rest_route=\/wp\/v2\/posts\/27474","targetHints":{"allow":["GET"]}}],"collection":[{"href":"https:\/\/encuentroinformativo.com.mx\/index.php?rest_route=\/wp\/v2\/posts"}],"about":[{"href":"https:\/\/encuentroinformativo.com.mx\/index.php?rest_route=\/wp\/v2\/types\/post"}],"author":[{"embeddable":true,"href":"https:\/\/encuentroinformativo.com.mx\/index.php?rest_route=\/wp\/v2\/users\/1"}],"replies":[{"embeddable":true,"href":"https:\/\/encuentroinformativo.com.mx\/index.php?rest_route=%2Fwp%2Fv2%2Fcomments&post=27474"}],"version-history":[{"count":1,"href":"https:\/\/encuentroinformativo.com.mx\/index.php?rest_route=\/wp\/v2\/posts\/27474\/revisions"}],"predecessor-version":[{"id":27476,"href":"https:\/\/encuentroinformativo.com.mx\/index.php?rest_route=\/wp\/v2\/posts\/27474\/revisions\/27476"}],"wp:featuredmedia":[{"embeddable":true,"href":"https:\/\/encuentroinformativo.com.mx\/index.php?rest_route=\/wp\/v2\/media\/27475"}],"wp:attachment":[{"href":"https:\/\/encuentroinformativo.com.mx\/index.php?rest_route=%2Fwp%2Fv2%2Fmedia&parent=27474"}],"wp:term":[{"taxonomy":"category","embeddable":true,"href":"https:\/\/encuentroinformativo.com.mx\/index.php?rest_route=%2Fwp%2Fv2%2Fcategories&post=27474"},{"taxonomy":"post_tag","embeddable":true,"href":"https:\/\/encuentroinformativo.com.mx\/index.php?rest_route=%2Fwp%2Fv2%2Ftags&post=27474"}],"curies":[{"name":"wp","href":"https:\/\/api.w.org\/{rel}","templated":true}]}}