{"id":27480,"date":"2022-05-20T15:17:10","date_gmt":"2022-05-20T20:17:10","guid":{"rendered":"https:\/\/encuentroinformativo.com.mx\/?p=27480"},"modified":"2022-05-20T15:20:06","modified_gmt":"2022-05-20T20:20:06","slug":"promueven-capacitacion-a-docentes","status":"publish","type":"post","link":"https:\/\/encuentroinformativo.com.mx\/?p=27480","title":{"rendered":"Promueven capacitaci\u00f3n a docentes"},"content":{"rendered":"\n<p><strong>Juan Arcos <\/strong><\/p>\n\n\n\n<p>Xalapa, Ver.- M\u00e1s de diez mil maestros han sido capacitados en las diez regiones del estado de Veracruz con distintos programas educativos, revel\u00f3 la diputada local Lourdes Ju\u00e1rez Lara, presidenta de la Comisi\u00f3n de Educaci\u00f3n en el Congreso.<\/p>\n\n\n\n<p>La Legisladora del Movimiento de Regeneraci\u00f3n Nacional (Morena) inaugur\u00f3 el ciclo de conferencias \u201ccampo formativo de lenguajes: retos y desaf\u00edos de las y los docentes en la actualidad\u201d en el auditorio de la Benem\u00e9rita Escuela Normal Veracruzana \u201cEnrique C. Rebsamen\u201d este viernes.<\/p>\n\n\n\n<p>En el sitio, destac\u00f3 la importancia de la Red Estatal de Docentes que este 20 de mayo cumple su tercer aniversario, misma que fue creada para impartir cursos de forma presencial y que se convirti\u00f3 en una estrategia virtual por la pandemia del Sara-Cov2 (Covid-19).<\/p>\n\n\n\n<p>\u201cSe convirti\u00f3 en esta \u00e9poca de pandemia en una estrategia para capacitarlos y sobre todo ofreci\u00e9ndoles conferencias a distancia, talleres, encaminados a la nueva escuela mexicana\u201d, expres\u00f3.<\/p>\n\n\n\n<p>La diputada local tambi\u00e9n reconoci\u00f3 a las y los docentes de Veracruz que son los formadores de la ni\u00f1ez y la juventud.<\/p>\n\n\n\n<p>\u201cEs por ello que con estas acciones se ha logrado revalorizar la figura del maestro y la maestra veracruzana, sobre todo porque se ha logrado capacitar a m\u00e1s de diez mil maestros en las diez regiones de Veracruz\u201d, a\u00f1adi\u00f3.<br>Ju\u00e1rez Lara dijo tener la convicci\u00f3n de que la transformaci\u00f3n educativa se ha logrado por la vocaci\u00f3n de servicio, el trabajo constante y la preparaci\u00f3n de las y los docentes del estado de Veracruz.<\/p>\n\n\n\n<p>\u201cMe llena de orgullo inaugurar este ciclo de conferencias que tiene como objetivo principal capacitar al magisterio veracruzano, sobre todo en temas alineados al sistema de estudio vigente\u201d, a\u00f1adi\u00f3.<\/p>\n","protected":false},"excerpt":{"rendered":"<p>Juan Arcos Xalapa, Ver.- M\u00e1s de diez mil maestros han sido capacitados en las diez regiones del estado de Veracruz con distintos programas educativos, revel\u00f3 la diputada local Lourdes Ju\u00e1rez Lara, presidenta de la Comisi\u00f3n de Educaci\u00f3n en el Congreso. La Legisladora del Movimiento de Regeneraci\u00f3n Nacional (Morena) inaugur\u00f3 el ciclo de conferencias \u201ccampo formativo [&hellip;]<\/p>\n","protected":false},"author":1,"featured_media":27483,"comment_status":"open","ping_status":"open","sticky":false,"template":"","format":"standard","meta":{"_jetpack_memberships_contains_paid_content":false,"footnotes":""},"categories":[2],"tags":[],"class_list":["post-27480","post","type-post","status-publish","format-standard","has-post-thumbnail","hentry","category-estado"],"jetpack_featured_media_url":"https:\/\/encuentroinformativo.com.mx\/wp-content\/uploads\/2022\/05\/31E2502D-AA5E-4020-B2B9-731E424D330B.jpeg","jetpack_sharing_enabled":true,"jetpack_likes_enabled":true,"amp_enabled":true,"_links":{"self":[{"href":"https:\/\/encuentroinformativo.com.mx\/index.php?rest_route=\/wp\/v2\/posts\/27480","targetHints":{"allow":["GET"]}}],"collection":[{"href":"https:\/\/encuentroinformativo.com.mx\/index.php?rest_route=\/wp\/v2\/posts"}],"about":[{"href":"https:\/\/encuentroinformativo.com.mx\/index.php?rest_route=\/wp\/v2\/types\/post"}],"author":[{"embeddable":true,"href":"https:\/\/encuentroinformativo.com.mx\/index.php?rest_route=\/wp\/v2\/users\/1"}],"replies":[{"embeddable":true,"href":"https:\/\/encuentroinformativo.com.mx\/index.php?rest_route=%2Fwp%2Fv2%2Fcomments&post=27480"}],"version-history":[{"count":1,"href":"https:\/\/encuentroinformativo.com.mx\/index.php?rest_route=\/wp\/v2\/posts\/27480\/revisions"}],"predecessor-version":[{"id":27482,"href":"https:\/\/encuentroinformativo.com.mx\/index.php?rest_route=\/wp\/v2\/posts\/27480\/revisions\/27482"}],"wp:featuredmedia":[{"embeddable":true,"href":"https:\/\/encuentroinformativo.com.mx\/index.php?rest_route=\/wp\/v2\/media\/27483"}],"wp:attachment":[{"href":"https:\/\/encuentroinformativo.com.mx\/index.php?rest_route=%2Fwp%2Fv2%2Fmedia&parent=27480"}],"wp:term":[{"taxonomy":"category","embeddable":true,"href":"https:\/\/encuentroinformativo.com.mx\/index.php?rest_route=%2Fwp%2Fv2%2Fcategories&post=27480"},{"taxonomy":"post_tag","embeddable":true,"href":"https:\/\/encuentroinformativo.com.mx\/index.php?rest_route=%2Fwp%2Fv2%2Ftags&post=27480"}],"curies":[{"name":"wp","href":"https:\/\/api.w.org\/{rel}","templated":true}]}}