{"id":27484,"date":"2022-05-20T15:34:01","date_gmt":"2022-05-20T20:34:01","guid":{"rendered":"https:\/\/encuentroinformativo.com.mx\/?p=27484"},"modified":"2022-05-20T15:34:05","modified_gmt":"2022-05-20T20:34:05","slug":"invitan-a-fantasia-de-carnaval","status":"publish","type":"post","link":"https:\/\/encuentroinformativo.com.mx\/?p=27484","title":{"rendered":"Invitan a Fantas\u00eda de Carnaval"},"content":{"rendered":"\n<p><strong>Juan Arcos <\/strong><\/p>\n\n\n\n<p>Xalapa, Ver.-La compa\u00f1\u00eda folkl\u00f3rica \u201cQuetzalli\u201d, en conjunto con la agrupaci\u00f3n musical \u201cCombo Ninguno\u201d, celebrar\u00e1 sus 37 a\u00f1os de creaci\u00f3n, durante el evento Domingo Familiar que es organizado por el Ayuntamiento de Xalapa.<\/p>\n\n\n\n<p>Marina Ortiz Aguilar, una de los que dirigen la compa\u00f1\u00eda, invit\u00f3 a los xalape\u00f1os a que asistan el pr\u00f3ximo domingo 22 de mayo, a las 12:30 horas, al parque Ju\u00e1rez donde presentar\u00e1n el espect\u00e1culo \u201cFantas\u00eda de Carnaval\u201d.<\/p>\n\n\n\n<p>En entrevista, Ortiz Aguilar indic\u00f3 que dicha actividad tiene como objetivo promover la cultura del estado a trav\u00e9s de la danza.<br>Record\u00f3 que desde 1988, el grupo \u201cQuetzalli\u201d, tras regresar de su participaci\u00f3n en La Habana, Cuba, invit\u00f3 a Combo Ninguno a presentar un espect\u00e1culo de m\u00fasica cubana en Xalapa.<\/p>\n\n\n\n<p>Tal evento se present\u00f3 con el nombre de \u201cFantas\u00eda Cubana\u201d y tuvo un gran \u00e9xito. Esto posibilit\u00f3 que, en 1989, la \u201cComparsa Xalape\u00f1a\u201d (Combo- Quetzalli) fuera invitada al Carnaval de La Habana.<\/p>\n\n\n\n<p>En ese mismo a\u00f1o, iniciaron sus participaciones en el Carnaval de Veracruz de manera ininterrumpida hasta 2015, present\u00e1ndose tambi\u00e9n en la Ciudad de M\u00e9xico y el extranjero.<\/p>\n\n\n\n<p>\u201cEs as\u00ed como ambas agrupaciones, promovemos en los j\u00f3venes mediante vistosas ejecuciones coreogr\u00e1ficas, de movimiento y musicales, enaltecer nuestras ra\u00edces, brindando al p\u00fablico un colorido y festivo recorrido que lleva al espectador de cualquier edad, desde la nostalgia hasta la alegr\u00eda y la fiesta, en cada uno de sus programas\u201d, expres\u00f3.<\/p>\n\n\n\n<p>El pr\u00f3ximo domingo, el grupo \u201cQuetzalli\u201d realizar\u00e1 un desfile que partir\u00e1 del Centro Recreativo Xalape\u00f1o hasta el Parque Ju\u00e1rez, para encontrarse con la agrupaci\u00f3n musical \u201cCombo Ninguno\u201d y dar inicio al espect\u00e1culo \u201cFantas\u00eda de Carnaval\u201d, bajo la direcci\u00f3n art\u00edstica de Fabi\u00e1n Alba Melgoza, de Jahir Valencia Lara, en la coreograf\u00eda y Leonardo Ortiz Chac\u00f3n, en la direcci\u00f3n musical.<br>\u201cComparsa Xalape\u00f1a\u201d ha estado en Malasia, Jap\u00f3n y Estados Unidos, present\u00e1ndose en Texas, Louisiana, Colorado, Arkansas, Wisconsin, Michigan, Illinois, New Hampshire, Pensilvania, New York, New Jersey, Georgia, Tenesse, Nuevo M\u00e9xico, Arizona y California.<\/p>\n","protected":false},"excerpt":{"rendered":"<p>Juan Arcos Xalapa, Ver.-La compa\u00f1\u00eda folkl\u00f3rica \u201cQuetzalli\u201d, en conjunto con la agrupaci\u00f3n musical \u201cCombo Ninguno\u201d, celebrar\u00e1 sus 37 a\u00f1os de creaci\u00f3n, durante el evento Domingo Familiar que es organizado por el Ayuntamiento de Xalapa. Marina Ortiz Aguilar, una de los que dirigen la compa\u00f1\u00eda, invit\u00f3 a los xalape\u00f1os a que asistan el pr\u00f3ximo domingo 22 [&hellip;]<\/p>\n","protected":false},"author":1,"featured_media":27485,"comment_status":"open","ping_status":"open","sticky":false,"template":"","format":"standard","meta":{"_jetpack_memberships_contains_paid_content":false,"footnotes":""},"categories":[3],"tags":[],"class_list":["post-27484","post","type-post","status-publish","format-standard","has-post-thumbnail","hentry","category-xalapa"],"jetpack_featured_media_url":"https:\/\/encuentroinformativo.com.mx\/wp-content\/uploads\/2022\/05\/C9075494-5B03-4972-99D5-64E51BFEEE26.jpeg","jetpack_sharing_enabled":true,"jetpack_likes_enabled":true,"amp_enabled":true,"_links":{"self":[{"href":"https:\/\/encuentroinformativo.com.mx\/index.php?rest_route=\/wp\/v2\/posts\/27484","targetHints":{"allow":["GET"]}}],"collection":[{"href":"https:\/\/encuentroinformativo.com.mx\/index.php?rest_route=\/wp\/v2\/posts"}],"about":[{"href":"https:\/\/encuentroinformativo.com.mx\/index.php?rest_route=\/wp\/v2\/types\/post"}],"author":[{"embeddable":true,"href":"https:\/\/encuentroinformativo.com.mx\/index.php?rest_route=\/wp\/v2\/users\/1"}],"replies":[{"embeddable":true,"href":"https:\/\/encuentroinformativo.com.mx\/index.php?rest_route=%2Fwp%2Fv2%2Fcomments&post=27484"}],"version-history":[{"count":1,"href":"https:\/\/encuentroinformativo.com.mx\/index.php?rest_route=\/wp\/v2\/posts\/27484\/revisions"}],"predecessor-version":[{"id":27486,"href":"https:\/\/encuentroinformativo.com.mx\/index.php?rest_route=\/wp\/v2\/posts\/27484\/revisions\/27486"}],"wp:featuredmedia":[{"embeddable":true,"href":"https:\/\/encuentroinformativo.com.mx\/index.php?rest_route=\/wp\/v2\/media\/27485"}],"wp:attachment":[{"href":"https:\/\/encuentroinformativo.com.mx\/index.php?rest_route=%2Fwp%2Fv2%2Fmedia&parent=27484"}],"wp:term":[{"taxonomy":"category","embeddable":true,"href":"https:\/\/encuentroinformativo.com.mx\/index.php?rest_route=%2Fwp%2Fv2%2Fcategories&post=27484"},{"taxonomy":"post_tag","embeddable":true,"href":"https:\/\/encuentroinformativo.com.mx\/index.php?rest_route=%2Fwp%2Fv2%2Ftags&post=27484"}],"curies":[{"name":"wp","href":"https:\/\/api.w.org\/{rel}","templated":true}]}}