{"id":27495,"date":"2022-05-20T17:18:46","date_gmt":"2022-05-20T22:18:46","guid":{"rendered":"https:\/\/encuentroinformativo.com.mx\/?p=27495"},"modified":"2022-05-20T17:18:49","modified_gmt":"2022-05-20T22:18:49","slug":"concluye-la-semana-de-la-movilidad-y-seguridad-vial-en-el-congreso","status":"publish","type":"post","link":"https:\/\/encuentroinformativo.com.mx\/?p=27495","title":{"rendered":"Concluye la Semana de la Movilidad y Seguridad Vial en el Congreso"},"content":{"rendered":"\n<p><strong>*Destaca diputado Juan Enrique Santos, presidente de la comisi\u00f3n respectiva, amplia participaci\u00f3n de diversos sectores sociales y estatales en unidad de esfuerzos y objetivos.<\/strong><\/p>\n\n\n\n<p>Xalapa, Ver.- Con la participaci\u00f3n de la Universidad Veracruzana (UV), de la Direcci\u00f3n General de Tr\u00e1nsito y Seguridad Vial, de la Guardia Nacional, del Ayuntamiento de Xalapa y del Consejo Estatal para la Prevenci\u00f3n de Accidentes, entre otros, concluy\u00f3 la Semana de la Movilidad y Seguridad Vial, organizada y coordinada por la Comisi\u00f3n Permanente de Transporte, Tr\u00e1nsito y Vialidad de este Congreso, que preside el diputado Juan Enrique Santos Mendoza.<\/p>\n\n\n\n<p>Al clausurar los trabajos, el legislador agradeci\u00f3 la invaluable aportaci\u00f3n de especialistas en cada \u00e1rea, dependencias estatales y federales, institutos, organismos aut\u00f3nomos, organizaciones y empresas, as\u00ed como a las y los ediles del estado, servidores p\u00fablicos, representantes de transportistas, prestadores de servicio de transporte, conductores de veh\u00edculos particulares, estudiantes, cadetes y p\u00fablico en general que particip\u00f3 de manera presencial o por la v\u00eda electr\u00f3nica.<\/p>\n\n\n\n<p>El Diputado se pronunci\u00f3 por que esta serie de actividades, desarrolladas del 16 al 20 del presente en la explanada, pasillos y auditorio del Palacio Legislativo, sea el inicio de la suma de esfuerzos entre autoridades, servidores p\u00fablicos, organizaciones y sociedad en general, para lograr la efectiva implementaci\u00f3n de la nueva Ley General de Movilidad y Seguridad Vial. Reconoci\u00f3 que \u201clos retos son muchos, pero la causa es lograr vialidades m\u00e1s seguras para nosotros y nuestras familias, mejorar nuestro transitar y reducir las muertes y lesiones por accidentes de vialidad\u201d.<\/p>\n\n\n\n<p>En el \u00faltimo d\u00eda de actividades, Rafael Ortega Sol\u00eds, acad\u00e9mico de la Coordinaci\u00f3n Universitaria para la Sustentabilidad de la UV, expuso el tema Movilidad Urbana Sustentable e Inclusiva; Jes\u00fas Rica\u00f1o Herrera, experto de la Direcci\u00f3n General de Tr\u00e1nsito y Seguridad Vial, habl\u00f3 de la Importancia de conocer, respetar y conservar las se\u00f1ales de tr\u00e1nsito; Luis Alfredo Ch\u00e1vez Ochoa, director del Corporativo Eh\u00e9catl, explic\u00f3 la Importancia de la Reingenier\u00eda Vial en los municipios, y Miguel \u00c1ngel Bernal Vilchis, subinspector de la Guardia Nacional, present\u00f3 las Acciones de seguridad vial en la infraestructura carretera nacional.<\/p>\n\n\n\n<p>Posteriormente, Isabel Oyuki Nieto Z\u00e1rate, presidenta del Club Trotamundos sin L\u00edmites y fundadora de Mujeres con Prop\u00f3sito, desarroll\u00f3 los contenidos de la Movilidad Inclusiva; Carlos V\u00e1zquez Mora, del Consejo Estatal para la Prevenci\u00f3n de Accidentes (Coepra), pormenoriz\u00f3 la Epidemiolog\u00eda de los accidentes de tr\u00e1nsito, y Alfonso L\u00f3pez Pineda, jefe del Departamento de Movilidad, Centro Hist\u00f3rico e Imagen Urbana del Ayuntamiento de Xalapa, comparti\u00f3 Experiencias en movilidad en el municipio de Xalapa.<\/p>\n\n\n\n<p>Estuvieron presentes tambi\u00e9n la medallista paral\u00edmpica Mar\u00eda Estela Salas Mar\u00edn, campeona mundial de disco, bala y jabalina; la directora de Capacitaci\u00f3n, Adiestramiento y Difusi\u00f3n de la Secretar\u00eda de Protecci\u00f3n Civil del estado, Nancy Alejandra Ortiz Ochoa; la subgerente de Desarrollo Policial del Instituto de la Polic\u00eda Auxiliar y Protecci\u00f3n Patrimonial para el Estado de Veracruz (IPAX), Estrella Oliva Torres, y autoridades de diversos municipios del estado.<\/p>\n","protected":false},"excerpt":{"rendered":"<p>*Destaca diputado Juan Enrique Santos, presidente de la comisi\u00f3n respectiva, amplia participaci\u00f3n de diversos sectores sociales y estatales en unidad de esfuerzos y objetivos. Xalapa, Ver.- Con la participaci\u00f3n de la Universidad Veracruzana (UV), de la Direcci\u00f3n General de Tr\u00e1nsito y Seguridad Vial, de la Guardia Nacional, del Ayuntamiento de Xalapa y del Consejo Estatal [&hellip;]<\/p>\n","protected":false},"author":1,"featured_media":27496,"comment_status":"open","ping_status":"open","sticky":false,"template":"","format":"standard","meta":{"_jetpack_memberships_contains_paid_content":false,"footnotes":""},"categories":[2],"tags":[],"class_list":["post-27495","post","type-post","status-publish","format-standard","has-post-thumbnail","hentry","category-estado"],"jetpack_featured_media_url":"https:\/\/encuentroinformativo.com.mx\/wp-content\/uploads\/2022\/05\/8039C5FE-D0FC-446B-852C-DA469013B5F4.jpeg","jetpack_sharing_enabled":true,"jetpack_likes_enabled":true,"amp_enabled":true,"_links":{"self":[{"href":"https:\/\/encuentroinformativo.com.mx\/index.php?rest_route=\/wp\/v2\/posts\/27495","targetHints":{"allow":["GET"]}}],"collection":[{"href":"https:\/\/encuentroinformativo.com.mx\/index.php?rest_route=\/wp\/v2\/posts"}],"about":[{"href":"https:\/\/encuentroinformativo.com.mx\/index.php?rest_route=\/wp\/v2\/types\/post"}],"author":[{"embeddable":true,"href":"https:\/\/encuentroinformativo.com.mx\/index.php?rest_route=\/wp\/v2\/users\/1"}],"replies":[{"embeddable":true,"href":"https:\/\/encuentroinformativo.com.mx\/index.php?rest_route=%2Fwp%2Fv2%2Fcomments&post=27495"}],"version-history":[{"count":1,"href":"https:\/\/encuentroinformativo.com.mx\/index.php?rest_route=\/wp\/v2\/posts\/27495\/revisions"}],"predecessor-version":[{"id":27497,"href":"https:\/\/encuentroinformativo.com.mx\/index.php?rest_route=\/wp\/v2\/posts\/27495\/revisions\/27497"}],"wp:featuredmedia":[{"embeddable":true,"href":"https:\/\/encuentroinformativo.com.mx\/index.php?rest_route=\/wp\/v2\/media\/27496"}],"wp:attachment":[{"href":"https:\/\/encuentroinformativo.com.mx\/index.php?rest_route=%2Fwp%2Fv2%2Fmedia&parent=27495"}],"wp:term":[{"taxonomy":"category","embeddable":true,"href":"https:\/\/encuentroinformativo.com.mx\/index.php?rest_route=%2Fwp%2Fv2%2Fcategories&post=27495"},{"taxonomy":"post_tag","embeddable":true,"href":"https:\/\/encuentroinformativo.com.mx\/index.php?rest_route=%2Fwp%2Fv2%2Ftags&post=27495"}],"curies":[{"name":"wp","href":"https:\/\/api.w.org\/{rel}","templated":true}]}}