{"id":27516,"date":"2022-05-21T14:04:56","date_gmt":"2022-05-21T19:04:56","guid":{"rendered":"https:\/\/encuentroinformativo.com.mx\/?p=27516"},"modified":"2022-05-21T14:04:56","modified_gmt":"2022-05-21T19:04:56","slug":"realizan-marchas-para-localizar-a-viridiana","status":"publish","type":"post","link":"https:\/\/encuentroinformativo.com.mx\/?p=27516","title":{"rendered":"Realizan marchas para localizar a Viridiana"},"content":{"rendered":"<div dir=\"auto\" data-removefontsize=\"true\" data-originalcomputedfontsize=\"16\"><strong>Dar\u00edo Pale<\/strong><\/div>\n<div dir=\"auto\" data-removefontsize=\"true\" data-originalcomputedfontsize=\"16\"><\/div>\n<div dir=\"auto\" data-removefontsize=\"true\" data-originalcomputedfontsize=\"16\">Xalapa, Ver.- Contin\u00faan las manifestaciones en Cardel del municipio de La Antigua por parte de los familiares y amigos de Viridiana Moreno V\u00e1zquez en esta ocasi\u00f3n, se manifestaron afuera del hotel &#8220;Bienvenido&#8221; de Ciudad Cardel.<\/div>\n<div dir=\"auto\"><\/div>\n<div dir=\"auto\" data-removefontsize=\"true\" data-originalcomputedfontsize=\"16\">La manifestaci\u00f3n que realizaron fue para continuar exigiendo su aparici\u00f3n, pues desde el mi\u00e9rcoles 18 perdieron todo contacto con ella.<\/div>\n<div dir=\"auto\"><\/div>\n<div dir=\"auto\" data-removefontsize=\"true\" data-originalcomputedfontsize=\"16\">De acuerdo con los primeros datos, es que se dirigi\u00f3 a una entrevista de trabajo al hotel y en ese trayecto pero desconocen qu\u00e9 ocurri\u00f3 pues ya no volvieron a saber de Viridiana.<\/div>\n<div dir=\"auto\"><\/div>\n<div dir=\"auto\" data-removefontsize=\"true\" data-originalcomputedfontsize=\"16\">Cabe recordar que ella radica en Cardel, aunque es originaria de Tlaltetela tiene 31 a\u00f1os de edad y fue vista por \u00faltima vez a las 16:00 horas de ese d\u00eda y supuestamente viajaba a bordo de una motoneta azul con matr\u00edcula 26YJD.<\/div>\n<div dir=\"auto\"><\/div>\n<div dir=\"auto\" data-removefontsize=\"true\" data-originalcomputedfontsize=\"16\">Por \u00faltimo cabe se\u00f1alar que las manifestaciones se llevan a cabo en distintos puntos de la regi\u00f3n de Cardel y carretera hacia el municipio de Tlaltetela, la Comisi\u00f3n Estatal de B\u00fasqueda boletin\u00f3 a Viridiana para su pronta localizaci\u00f3n.<\/div>\n<div dir=\"auto\" data-removefontsize=\"true\" data-originalcomputedfontsize=\"16\"><\/div>\n<div dir=\"auto\" data-removefontsize=\"true\" data-originalcomputedfontsize=\"16\"><\/div>\n","protected":false},"excerpt":{"rendered":"<p>Dar\u00edo Pale Xalapa, Ver.- Contin\u00faan las manifestaciones en Cardel del municipio de La Antigua por parte de los familiares y amigos de Viridiana Moreno V\u00e1zquez en esta ocasi\u00f3n, se manifestaron afuera del hotel &#8220;Bienvenido&#8221; de Ciudad Cardel. La manifestaci\u00f3n que realizaron fue para continuar exigiendo su aparici\u00f3n, pues desde el mi\u00e9rcoles 18 perdieron todo contacto [&hellip;]<\/p>\n","protected":false},"author":1,"featured_media":27517,"comment_status":"open","ping_status":"open","sticky":false,"template":"","format":"standard","meta":{"_jetpack_memberships_contains_paid_content":false,"footnotes":""},"categories":[8],"tags":[115],"class_list":["post-27516","post","type-post","status-publish","format-standard","has-post-thumbnail","hentry","category-region","tag-cardel-laantigua-tlaltetela"],"jetpack_featured_media_url":"https:\/\/encuentroinformativo.com.mx\/wp-content\/uploads\/2022\/05\/EE73E3C9-D06E-4E48-A538-442F93783AAF.jpeg","jetpack_sharing_enabled":true,"jetpack_likes_enabled":true,"amp_enabled":true,"_links":{"self":[{"href":"https:\/\/encuentroinformativo.com.mx\/index.php?rest_route=\/wp\/v2\/posts\/27516","targetHints":{"allow":["GET"]}}],"collection":[{"href":"https:\/\/encuentroinformativo.com.mx\/index.php?rest_route=\/wp\/v2\/posts"}],"about":[{"href":"https:\/\/encuentroinformativo.com.mx\/index.php?rest_route=\/wp\/v2\/types\/post"}],"author":[{"embeddable":true,"href":"https:\/\/encuentroinformativo.com.mx\/index.php?rest_route=\/wp\/v2\/users\/1"}],"replies":[{"embeddable":true,"href":"https:\/\/encuentroinformativo.com.mx\/index.php?rest_route=%2Fwp%2Fv2%2Fcomments&post=27516"}],"version-history":[{"count":1,"href":"https:\/\/encuentroinformativo.com.mx\/index.php?rest_route=\/wp\/v2\/posts\/27516\/revisions"}],"predecessor-version":[{"id":27518,"href":"https:\/\/encuentroinformativo.com.mx\/index.php?rest_route=\/wp\/v2\/posts\/27516\/revisions\/27518"}],"wp:featuredmedia":[{"embeddable":true,"href":"https:\/\/encuentroinformativo.com.mx\/index.php?rest_route=\/wp\/v2\/media\/27517"}],"wp:attachment":[{"href":"https:\/\/encuentroinformativo.com.mx\/index.php?rest_route=%2Fwp%2Fv2%2Fmedia&parent=27516"}],"wp:term":[{"taxonomy":"category","embeddable":true,"href":"https:\/\/encuentroinformativo.com.mx\/index.php?rest_route=%2Fwp%2Fv2%2Fcategories&post=27516"},{"taxonomy":"post_tag","embeddable":true,"href":"https:\/\/encuentroinformativo.com.mx\/index.php?rest_route=%2Fwp%2Fv2%2Ftags&post=27516"}],"curies":[{"name":"wp","href":"https:\/\/api.w.org\/{rel}","templated":true}]}}