{"id":27519,"date":"2022-05-21T14:11:59","date_gmt":"2022-05-21T19:11:59","guid":{"rendered":"https:\/\/encuentroinformativo.com.mx\/?p=27519"},"modified":"2022-05-22T15:36:52","modified_gmt":"2022-05-22T20:36:52","slug":"analiza-uv-canalizar-estudiantes-a-otras-instituciones","status":"publish","type":"post","link":"https:\/\/encuentroinformativo.com.mx\/?p=27519","title":{"rendered":"Analiza UV canalizar estudiantes a otras instituciones"},"content":{"rendered":"<p><span style=\"font-size: 14pt;\"><strong>Dar\u00edo Pale\u00a0<\/strong><\/span><\/p>\n<p><span style=\"font-size: 14pt;\">Xalapa, Ver.-Debido a que la mayor Casa de Estudios no puede incrementar la oferta educativa, est\u00e1n analizando que los estudiantes se vayan a otras instituciones de educaci\u00f3n superior, as\u00ed lo inform\u00f3 el rector de la Universidad Veracruzana, Mart\u00edn Aguilar S\u00e1nchez.<\/span><\/p>\n<div dir=\"auto\"><span style=\"font-size: 14pt;\">En entrevista se\u00f1al\u00f3 que, &#8220;estamos viendo c\u00f3mo podemos canalizar a estudiantes a otras instituciones para que tengan opciones. Estamos preocupados por ese tema, el compromiso que hicimos fue avanzar gradualmente en la oferta para que puedan ingresar m\u00e1s estudiantes&#8221;.<\/span><\/div>\n<div dir=\"auto\">\u00a0<\/div>\n<div dir=\"auto\" data-removefontsize=\"true\" data-originalcomputedfontsize=\"16\"><span style=\"font-size: 14pt;\">&#8220;En este momento no podemos ofrecer una respuesta como a m\u00ed me gustar\u00eda, m\u00e1s estructural, m\u00e1s amplio&#8221;, se\u00f1al\u00f3.<\/span><\/div>\n<div dir=\"auto\">\u00a0<\/div>\n<div dir=\"auto\" data-removefontsize=\"true\" data-originalcomputedfontsize=\"16\"><span style=\"font-size: 14pt;\">En otro orden de ideas, defini\u00f3 que este fin de semana y el pr\u00f3ximo, 39 mil 336 estudiantes presentar\u00e1n examen de admisi\u00f3n a alguna de las carreras, por lo que m\u00e1s de 21 mil 600 se quedar\u00e1n fuera.<\/span><\/div>\n<div dir=\"auto\">\u00a0<\/div>\n<div dir=\"auto\" data-removefontsize=\"true\" data-originalcomputedfontsize=\"16\"><span style=\"font-size: 14pt;\">Y es que la oferta educativa es para 17 mil 400 estudiantes los que este fin de semana har\u00e1n su examen de admisi\u00f3n, lo que implica una revisi\u00f3n b\u00e1sica de los conocimientos.<\/span><\/div>\n<div dir=\"auto\">\u00a0<\/div>\n<div dir=\"auto\" data-removefontsize=\"true\" data-originalcomputedfontsize=\"16\"><span style=\"font-size: 14pt;\">&#8220;Estamos no solamente revisando, sino tratando de estructurar toda una propuesta para este segundo a\u00f1o donde podamos recibir a m\u00e1s aspirantes. Ahora con la pandemia se complic\u00f3 m\u00e1s y estamos trabajando precisamente en dos flancos, el regreso presencial a clases, pero tambi\u00e9n con toda las posibilidades de mayor apertura en distintos niveles&#8221;, coment\u00f3.<\/span><\/div>\n<div dir=\"auto\">\u00a0<\/div>\n<div dir=\"auto\" data-removefontsize=\"true\" data-originalcomputedfontsize=\"16\"><span style=\"font-size: 14pt;\">El Rector adelant\u00f3 que para lograr una mayor cobertura, la Universidad ha pensado en distintas ofertas educativas virtuales, aunque no las \u00a0han estructurado de manera total para hacerlo de manera m\u00e1s amplia, por lo que ello podr\u00eda hacerse una realidad hasta el pr\u00f3ximo a\u00f1o.<\/span><\/div>\n<div dir=\"auto\">\u00a0<\/div>\n<div dir=\"auto\" data-removefontsize=\"true\" data-originalcomputedfontsize=\"16\"><span style=\"font-size: 14pt;\">Asever\u00f3 \u00a0que para la presentaci\u00f3n del examen se est\u00e1n tomando todas las precauciones y cuidados en materia de salud.<\/span><\/div>\n\n\n<p><\/p>\n","protected":false},"excerpt":{"rendered":"<p>Dar\u00edo Pale\u00a0 Xalapa, Ver.-Debido a que la mayor Casa de Estudios no puede incrementar la oferta educativa, est\u00e1n analizando que los estudiantes se vayan a otras instituciones de educaci\u00f3n superior, as\u00ed lo inform\u00f3 el rector de la Universidad Veracruzana, Mart\u00edn Aguilar S\u00e1nchez. En entrevista se\u00f1al\u00f3 que, &#8220;estamos viendo c\u00f3mo podemos canalizar a estudiantes a otras [&hellip;]<\/p>\n","protected":false},"author":1,"featured_media":27520,"comment_status":"open","ping_status":"open","sticky":false,"template":"","format":"standard","meta":{"_jetpack_memberships_contains_paid_content":false,"footnotes":""},"categories":[2],"tags":[116],"class_list":["post-27519","post","type-post","status-publish","format-standard","has-post-thumbnail","hentry","category-estado","tag-estudiantes-uv-xalapa-veracruz"],"jetpack_featured_media_url":"https:\/\/encuentroinformativo.com.mx\/wp-content\/uploads\/2022\/05\/A9282FDB-4C2F-43AB-A28B-D05FA0634305.jpeg","jetpack_sharing_enabled":true,"jetpack_likes_enabled":true,"amp_enabled":true,"_links":{"self":[{"href":"https:\/\/encuentroinformativo.com.mx\/index.php?rest_route=\/wp\/v2\/posts\/27519","targetHints":{"allow":["GET"]}}],"collection":[{"href":"https:\/\/encuentroinformativo.com.mx\/index.php?rest_route=\/wp\/v2\/posts"}],"about":[{"href":"https:\/\/encuentroinformativo.com.mx\/index.php?rest_route=\/wp\/v2\/types\/post"}],"author":[{"embeddable":true,"href":"https:\/\/encuentroinformativo.com.mx\/index.php?rest_route=\/wp\/v2\/users\/1"}],"replies":[{"embeddable":true,"href":"https:\/\/encuentroinformativo.com.mx\/index.php?rest_route=%2Fwp%2Fv2%2Fcomments&post=27519"}],"version-history":[{"count":3,"href":"https:\/\/encuentroinformativo.com.mx\/index.php?rest_route=\/wp\/v2\/posts\/27519\/revisions"}],"predecessor-version":[{"id":27551,"href":"https:\/\/encuentroinformativo.com.mx\/index.php?rest_route=\/wp\/v2\/posts\/27519\/revisions\/27551"}],"wp:featuredmedia":[{"embeddable":true,"href":"https:\/\/encuentroinformativo.com.mx\/index.php?rest_route=\/wp\/v2\/media\/27520"}],"wp:attachment":[{"href":"https:\/\/encuentroinformativo.com.mx\/index.php?rest_route=%2Fwp%2Fv2%2Fmedia&parent=27519"}],"wp:term":[{"taxonomy":"category","embeddable":true,"href":"https:\/\/encuentroinformativo.com.mx\/index.php?rest_route=%2Fwp%2Fv2%2Fcategories&post=27519"},{"taxonomy":"post_tag","embeddable":true,"href":"https:\/\/encuentroinformativo.com.mx\/index.php?rest_route=%2Fwp%2Fv2%2Ftags&post=27519"}],"curies":[{"name":"wp","href":"https:\/\/api.w.org\/{rel}","templated":true}]}}