{"id":27523,"date":"2022-05-21T14:20:29","date_gmt":"2022-05-21T19:20:29","guid":{"rendered":"https:\/\/encuentroinformativo.com.mx\/?p=27523"},"modified":"2022-05-21T14:20:29","modified_gmt":"2022-05-21T19:20:29","slug":"se-registra-incendio-en-la-zona-de-perote","status":"publish","type":"post","link":"https:\/\/encuentroinformativo.com.mx\/?p=27523","title":{"rendered":"Se registra incendio en la zona de Perote"},"content":{"rendered":"<p>Xalapa, Ver.- Desde algunas zonas de la capital se pueden apreciar largas columnas de humo provocado por un incendio en las faldas del Cofre de Perote.<\/p>\n<p>En redes sociales la Secretar\u00eda de Protecci\u00f3n Civil inform\u00f3 que se est\u00e1 atendiendo incendio forestal en el predio Oyamel, en la cuesta Vaquero, del municipio de Acajete, en el sitio se encuentran elementos de PC Estatal y municipal, as\u00ed como brigadistas de CONAFOR.<\/p>\n","protected":false},"excerpt":{"rendered":"<p>Xalapa, Ver.- Desde algunas zonas de la capital se pueden apreciar largas columnas de humo provocado por un incendio en las faldas del Cofre de Perote. En redes sociales la Secretar\u00eda de Protecci\u00f3n Civil inform\u00f3 que se est\u00e1 atendiendo incendio forestal en el predio Oyamel, en la cuesta Vaquero, del municipio de Acajete, en el [&hellip;]<\/p>\n","protected":false},"author":1,"featured_media":27524,"comment_status":"open","ping_status":"open","sticky":false,"template":"","format":"standard","meta":{"_jetpack_memberships_contains_paid_content":false,"footnotes":""},"categories":[8],"tags":[],"class_list":["post-27523","post","type-post","status-publish","format-standard","has-post-thumbnail","hentry","category-region"],"jetpack_featured_media_url":"https:\/\/encuentroinformativo.com.mx\/wp-content\/uploads\/2022\/05\/9D6C2C5B-2C30-40C8-932E-FB78703C54B6.jpeg","jetpack_sharing_enabled":true,"jetpack_likes_enabled":true,"amp_enabled":true,"_links":{"self":[{"href":"https:\/\/encuentroinformativo.com.mx\/index.php?rest_route=\/wp\/v2\/posts\/27523","targetHints":{"allow":["GET"]}}],"collection":[{"href":"https:\/\/encuentroinformativo.com.mx\/index.php?rest_route=\/wp\/v2\/posts"}],"about":[{"href":"https:\/\/encuentroinformativo.com.mx\/index.php?rest_route=\/wp\/v2\/types\/post"}],"author":[{"embeddable":true,"href":"https:\/\/encuentroinformativo.com.mx\/index.php?rest_route=\/wp\/v2\/users\/1"}],"replies":[{"embeddable":true,"href":"https:\/\/encuentroinformativo.com.mx\/index.php?rest_route=%2Fwp%2Fv2%2Fcomments&post=27523"}],"version-history":[{"count":1,"href":"https:\/\/encuentroinformativo.com.mx\/index.php?rest_route=\/wp\/v2\/posts\/27523\/revisions"}],"predecessor-version":[{"id":27525,"href":"https:\/\/encuentroinformativo.com.mx\/index.php?rest_route=\/wp\/v2\/posts\/27523\/revisions\/27525"}],"wp:featuredmedia":[{"embeddable":true,"href":"https:\/\/encuentroinformativo.com.mx\/index.php?rest_route=\/wp\/v2\/media\/27524"}],"wp:attachment":[{"href":"https:\/\/encuentroinformativo.com.mx\/index.php?rest_route=%2Fwp%2Fv2%2Fmedia&parent=27523"}],"wp:term":[{"taxonomy":"category","embeddable":true,"href":"https:\/\/encuentroinformativo.com.mx\/index.php?rest_route=%2Fwp%2Fv2%2Fcategories&post=27523"},{"taxonomy":"post_tag","embeddable":true,"href":"https:\/\/encuentroinformativo.com.mx\/index.php?rest_route=%2Fwp%2Fv2%2Ftags&post=27523"}],"curies":[{"name":"wp","href":"https:\/\/api.w.org\/{rel}","templated":true}]}}