{"id":27526,"date":"2022-05-21T14:50:34","date_gmt":"2022-05-21T19:50:34","guid":{"rendered":"https:\/\/encuentroinformativo.com.mx\/?p=27526"},"modified":"2022-05-21T14:50:34","modified_gmt":"2022-05-21T19:50:34","slug":"aplicaran-sanciones-a-docentes-acosadores","status":"publish","type":"post","link":"https:\/\/encuentroinformativo.com.mx\/?p=27526","title":{"rendered":"Aplicar\u00e1n sanciones a docentes acosadores"},"content":{"rendered":"<p><strong>Dar\u00edo Pale\u00a0<\/strong><\/p>\n<p>Xalapa, Ver.-<span style=\"font-size: 1rem;\">Se encuentran analizando la posibilidad de especificar diferentes tipos de sanciones contra docentes agresores o acosadores, por lo que la Universidad Veracruzana (UV), analiza junto con el Sindicato del Personal Acad\u00e9mico de la Universidad Veracruzana (Fesapauv) dicho tema.<\/span><\/p>\n<div dir=\"auto\"><span style=\"font-size: 1rem;\">En entrevista el rector de la m\u00e1xima Casa de Estudios, Mart\u00edn Aguilar S\u00e1nchez, coment\u00f3 que a pesar de que el acad\u00e9mico Ra\u00fal Augusto Carballo Castillo solicit\u00f3 su jubilaci\u00f3n tras los se\u00f1alamientos en su contra por parte de las estudiantes de la facultad de Psicolog\u00eda, por misoginia, la Universidad fij\u00f3 una postura.<\/span><\/div>\n<div dir=\"auto\"><\/div>\n<div dir=\"auto\" data-removefontsize=\"true\" data-originalcomputedfontsize=\"16\">Explic\u00f3 que hay un procedimiento que se hace por Contrato Colectivo de Trabajo por el que los profesores que se van a jubilar, pueden iniciar su tr\u00e1mite con mucha anticipaci\u00f3n y tienen su autorizaci\u00f3n de jubilaci\u00f3n y la presentan cuando lo consideren.<\/div>\n<div dir=\"auto\"><\/div>\n<div dir=\"auto\" data-removefontsize=\"true\" data-originalcomputedfontsize=\"16\">&#8220;En este caso al parecer, inmediatamente plante\u00f3 su jubilaci\u00f3n, eso no quiere decir que nosotros no nos hayamos pronunciado claramente porque las expresiones que plante\u00f3 y que se registraron, son totalmente en contra de nuestra propuesta universitaria&#8221;, se\u00f1al\u00f3.<\/div>\n<div dir=\"auto\"><\/div>\n<div dir=\"auto\" data-removefontsize=\"true\" data-originalcomputedfontsize=\"16\">&#8220;La otra parte. El Contrato Colectivo, el \u00a0Sindicato plantea una cuesti\u00f3n de la defensa en general de los derechos de los trabajadores, yo creo que ah\u00ed hay que trabajar coordinadamente con el Sindicato para ver la posibilidad de especificar diferentes tipos de sanciones, eso lo vamos a conversar y tener esa posibilidad de hacerlo, que, por otro lado el Sindicato tendr\u00eda que responder m\u00e1s directamente en cuestiones de ese tipo&#8221;, agrego.<\/div>\n<div dir=\"auto\"><\/div>\n<div dir=\"auto\" data-removefontsize=\"true\" data-originalcomputedfontsize=\"16\">Aunque aclar\u00f3 que s\u00ed hay limitantes de procedimientos, que se tienen que trabajar de manera conjunta con el Fesapauv, incluso adelant\u00f3 que ya comenzaron a trabajar algunos procedimientos, aunque los cambios se llevan a cabo durante la revisi\u00f3n contractual que para este a\u00f1o ya pas\u00f3.<\/div>\n<div dir=\"auto\"><\/div>\n<div dir=\"auto\" data-removefontsize=\"true\" data-originalcomputedfontsize=\"16\">Especific\u00f3 que todav\u00eda no tienen como tal una mesa de trabajo con el Sindicato, pero s\u00ed ya comenzaron a establecer esa parte de hacer algunos procedimientos m\u00e1s \u00e1giles.<\/div>\n<div dir=\"auto\"><\/div>\n<div dir=\"auto\" data-removefontsize=\"true\" data-originalcomputedfontsize=\"16\">Agreg\u00f3 que la demanda de las estudiantes es adecuada, pero los procesos de denuncias por acoso es un proceso generalizado en los distintos momentos del Pa\u00eds y en general en relaci\u00f3n al patriarcado.<\/div>\n<div dir=\"auto\"><\/div>\n<div dir=\"auto\" data-removefontsize=\"true\" data-originalcomputedfontsize=\"16\">Defini\u00f3 que la meta de su gesti\u00f3n es lograr un ambiente libre de violencia en todos sus \u00e1mbitos, para lo cual han trabajado con campa\u00f1as, pero tambi\u00e9n est\u00e1n tratando de acelerar procedimientos donde se realiza y donde se tipifica una &#8220;especie&#8221; de \u00a0delito para avanzar con herramientas.<\/div>\n<div dir=\"auto\"><\/div>\n<div dir=\"auto\" data-removefontsize=\"true\" data-originalcomputedfontsize=\"16\">Reconoci\u00f3 cuando se llegan a presentar algunos casos de estos la persona se\u00f1aladatiene derecho a una r\u00e9plica, lo que a veces desespera a las estudiantes.<\/div>\n<div dir=\"auto\"><\/div>\n<div dir=\"auto\" data-removefontsize=\"true\" data-originalcomputedfontsize=\"16\">Finalmente, sobre la demanda de las estudiantes de un \u00e1rea morada que s\u00f3lo ocupen ellas, dijo que la idea es buena y se podr\u00edan hacer en donde se hagan se\u00f1alamientos de acoso u hostigamiento.<\/div>\n","protected":false},"excerpt":{"rendered":"<p>Dar\u00edo Pale\u00a0 Xalapa, Ver.-Se encuentran analizando la posibilidad de especificar diferentes tipos de sanciones contra docentes agresores o acosadores, por lo que la Universidad Veracruzana (UV), analiza junto con el Sindicato del Personal Acad\u00e9mico de la Universidad Veracruzana (Fesapauv) dicho tema. En entrevista el rector de la m\u00e1xima Casa de Estudios, Mart\u00edn Aguilar S\u00e1nchez, coment\u00f3 [&hellip;]<\/p>\n","protected":false},"author":1,"featured_media":27527,"comment_status":"open","ping_status":"open","sticky":false,"template":"","format":"standard","meta":{"_jetpack_memberships_contains_paid_content":false,"footnotes":""},"categories":[3],"tags":[],"class_list":["post-27526","post","type-post","status-publish","format-standard","has-post-thumbnail","hentry","category-xalapa"],"jetpack_featured_media_url":"https:\/\/encuentroinformativo.com.mx\/wp-content\/uploads\/2022\/05\/34D4F043-625F-4610-969A-D87A2165C800.jpeg","jetpack_sharing_enabled":true,"jetpack_likes_enabled":true,"amp_enabled":true,"_links":{"self":[{"href":"https:\/\/encuentroinformativo.com.mx\/index.php?rest_route=\/wp\/v2\/posts\/27526","targetHints":{"allow":["GET"]}}],"collection":[{"href":"https:\/\/encuentroinformativo.com.mx\/index.php?rest_route=\/wp\/v2\/posts"}],"about":[{"href":"https:\/\/encuentroinformativo.com.mx\/index.php?rest_route=\/wp\/v2\/types\/post"}],"author":[{"embeddable":true,"href":"https:\/\/encuentroinformativo.com.mx\/index.php?rest_route=\/wp\/v2\/users\/1"}],"replies":[{"embeddable":true,"href":"https:\/\/encuentroinformativo.com.mx\/index.php?rest_route=%2Fwp%2Fv2%2Fcomments&post=27526"}],"version-history":[{"count":1,"href":"https:\/\/encuentroinformativo.com.mx\/index.php?rest_route=\/wp\/v2\/posts\/27526\/revisions"}],"predecessor-version":[{"id":27528,"href":"https:\/\/encuentroinformativo.com.mx\/index.php?rest_route=\/wp\/v2\/posts\/27526\/revisions\/27528"}],"wp:featuredmedia":[{"embeddable":true,"href":"https:\/\/encuentroinformativo.com.mx\/index.php?rest_route=\/wp\/v2\/media\/27527"}],"wp:attachment":[{"href":"https:\/\/encuentroinformativo.com.mx\/index.php?rest_route=%2Fwp%2Fv2%2Fmedia&parent=27526"}],"wp:term":[{"taxonomy":"category","embeddable":true,"href":"https:\/\/encuentroinformativo.com.mx\/index.php?rest_route=%2Fwp%2Fv2%2Fcategories&post=27526"},{"taxonomy":"post_tag","embeddable":true,"href":"https:\/\/encuentroinformativo.com.mx\/index.php?rest_route=%2Fwp%2Fv2%2Ftags&post=27526"}],"curies":[{"name":"wp","href":"https:\/\/api.w.org\/{rel}","templated":true}]}}