{"id":27529,"date":"2022-05-21T14:58:50","date_gmt":"2022-05-21T19:58:50","guid":{"rendered":"https:\/\/encuentroinformativo.com.mx\/?p=27529"},"modified":"2022-05-21T14:58:50","modified_gmt":"2022-05-21T19:58:50","slug":"supervisa-ricardo-ahued-construccion-del-colector-pluvial-21-de-marzo","status":"publish","type":"post","link":"https:\/\/encuentroinformativo.com.mx\/?p=27529","title":{"rendered":"Supervisa Ricardo Ahued construcci\u00f3n del colector pluvial 21 de Marzo"},"content":{"rendered":"<p><span style=\"font-size: 12pt;\"><strong>*Se trata de una obra de gran impacto social esperada por m\u00e1s de 30 a\u00f1os.<\/strong><\/span><\/p>\n<p><span style=\"font-size: 12pt;\">Xalapa, Ver.- En una jornada de trabajo junto con el gobernador Cuitl\u00e1huac Garc\u00eda Jim\u00e9nez, el presidente municipal Ricardo Ahued Bardahuil realiz\u00f3 un recorrido para supervisar los trabajos de construcci\u00f3n del colector pluvial 21 de Marzo, una obra de 1.5 kil\u00f3metros que beneficiar\u00e1 a m\u00e1s de 4 mil personas.<\/span><\/p>\n<p><span style=\"font-size: 12pt;\">En aproximadamente seis meses y con una inversi\u00f3n de 22 millones de pesos, una demanda ciudadana de m\u00e1s de 30 a\u00f1os ser\u00e1 resuelta gracias a la labor de colaboraci\u00f3n entre la Comisi\u00f3n Municipal de Agua Potable y Saneamiento (CMAS), el Ayuntamiento de Xalapa y el Gobierno de Veracruz.<\/span><\/p>\n<p><span style=\"font-size: 12pt;\">El colector pluvial 21 de Marzo tambi\u00e9n incluye la introducci\u00f3n de una red de agua potable y alcantarillado sanitario; adem\u00e1s, abre la posibilidad de futuras acciones de urbanizaci\u00f3n como la construcci\u00f3n de la calle Francisco I. Madero, con concreto hidr\u00e1ulico.<\/span><\/p>\n<p><span style=\"font-size: 12pt;\">Previamente, las autoridades llevaron a cabo un recorrido por la zona en la que se proyecta la construcci\u00f3n de un paso superior vehicular sobre la avenida L\u00e1zaro C\u00e1rdenas, a la altura del entronque con Las Trancas.<\/span><\/p>\n<p><span style=\"font-size: 12pt;\">Asistieron a esta gira de trabajo conjunto la regidora Helen Sarmiento Ja\u00e9n; los directores de Obras P\u00fablicas, Guillermo \u00c1vila Devezze, y de Participaci\u00f3n Ciudadana, Juan Mar\u00edn Viveros; el director general de la CMAS, Alejandro Maupom\u00e9 Ria\u00f1o; la secretaria de Trabajo, Previsi\u00f3n Social y Productividad, Dorheny Garc\u00eda Cayetano y el secretario de Infraestructura y Obras P\u00fablicas, Elio Hern\u00e1ndez Guti\u00e9rrez.<\/span><\/p>\n","protected":false},"excerpt":{"rendered":"<p>*Se trata de una obra de gran impacto social esperada por m\u00e1s de 30 a\u00f1os. Xalapa, Ver.- En una jornada de trabajo junto con el gobernador Cuitl\u00e1huac Garc\u00eda Jim\u00e9nez, el presidente municipal Ricardo Ahued Bardahuil realiz\u00f3 un recorrido para supervisar los trabajos de construcci\u00f3n del colector pluvial 21 de Marzo, una obra de 1.5 kil\u00f3metros [&hellip;]<\/p>\n","protected":false},"author":1,"featured_media":27530,"comment_status":"open","ping_status":"open","sticky":false,"template":"","format":"standard","meta":{"_jetpack_memberships_contains_paid_content":false,"footnotes":""},"categories":[3],"tags":[117],"class_list":["post-27529","post","type-post","status-publish","format-standard","has-post-thumbnail","hentry","category-xalapa","tag-xalapa-obras-ayuntamiento"],"jetpack_featured_media_url":"https:\/\/encuentroinformativo.com.mx\/wp-content\/uploads\/2022\/05\/EBDE7481-9ABD-4365-95EB-726791CD2CA3.jpeg","jetpack_sharing_enabled":true,"jetpack_likes_enabled":true,"amp_enabled":true,"_links":{"self":[{"href":"https:\/\/encuentroinformativo.com.mx\/index.php?rest_route=\/wp\/v2\/posts\/27529","targetHints":{"allow":["GET"]}}],"collection":[{"href":"https:\/\/encuentroinformativo.com.mx\/index.php?rest_route=\/wp\/v2\/posts"}],"about":[{"href":"https:\/\/encuentroinformativo.com.mx\/index.php?rest_route=\/wp\/v2\/types\/post"}],"author":[{"embeddable":true,"href":"https:\/\/encuentroinformativo.com.mx\/index.php?rest_route=\/wp\/v2\/users\/1"}],"replies":[{"embeddable":true,"href":"https:\/\/encuentroinformativo.com.mx\/index.php?rest_route=%2Fwp%2Fv2%2Fcomments&post=27529"}],"version-history":[{"count":1,"href":"https:\/\/encuentroinformativo.com.mx\/index.php?rest_route=\/wp\/v2\/posts\/27529\/revisions"}],"predecessor-version":[{"id":27531,"href":"https:\/\/encuentroinformativo.com.mx\/index.php?rest_route=\/wp\/v2\/posts\/27529\/revisions\/27531"}],"wp:featuredmedia":[{"embeddable":true,"href":"https:\/\/encuentroinformativo.com.mx\/index.php?rest_route=\/wp\/v2\/media\/27530"}],"wp:attachment":[{"href":"https:\/\/encuentroinformativo.com.mx\/index.php?rest_route=%2Fwp%2Fv2%2Fmedia&parent=27529"}],"wp:term":[{"taxonomy":"category","embeddable":true,"href":"https:\/\/encuentroinformativo.com.mx\/index.php?rest_route=%2Fwp%2Fv2%2Fcategories&post=27529"},{"taxonomy":"post_tag","embeddable":true,"href":"https:\/\/encuentroinformativo.com.mx\/index.php?rest_route=%2Fwp%2Fv2%2Ftags&post=27529"}],"curies":[{"name":"wp","href":"https:\/\/api.w.org\/{rel}","templated":true}]}}