{"id":27532,"date":"2022-05-21T15:12:14","date_gmt":"2022-05-21T20:12:14","guid":{"rendered":"https:\/\/encuentroinformativo.com.mx\/?p=27532"},"modified":"2022-05-21T15:12:14","modified_gmt":"2022-05-21T20:12:14","slug":"descartan-cambios-en-salud-por-medicamentos-almacenados","status":"publish","type":"post","link":"https:\/\/encuentroinformativo.com.mx\/?p=27532","title":{"rendered":"Descartan cambios en Salud, por medicamentos almacenados"},"content":{"rendered":"<p><strong>Dar\u00edo Pale\u00a0<\/strong><\/p>\n<p>Xalapa, Ver.-\u00a0<span style=\"font-size: 1rem;\">Es falso que la renuncia del exsecretario de Salud Roberto Ramos Alor a su cargo cargo sea consecuencia del desaprovechamiento de medicamentos oncol\u00f3gicos que recientemente se\u00f1al\u00f3 el Instituto de Salud para el Bienestar, as\u00ed lo dio a concomer el gobernador del estado Cuitl\u00e1huac Garc\u00eda Jim\u00e9nez.<\/span><\/p>\n<div dir=\"auto\"><\/div>\n<div dir=\"auto\" data-removefontsize=\"true\" data-originalcomputedfontsize=\"16\">En entrevista el mandatario estatal se\u00f1al\u00f3 que, \u201cno. De hecho Alor ya hizo hasta un video\u201d dijo este s\u00e1bado al ser cuestionado sobre dicho tema.<\/div>\n<div dir=\"auto\"><\/div>\n<div dir=\"auto\" data-removefontsize=\"true\" data-originalcomputedfontsize=\"16\">En el video que refiere, Ramos Alor justifica que se retir\u00f3 del cargo por un acuerdo previo con el gobernador tras atender la pandemia por COVID-19.<\/div>\n<div dir=\"auto\"><\/div>\n<div dir=\"auto\" data-removefontsize=\"true\" data-originalcomputedfontsize=\"16\">Garc\u00eda Jim\u00e9nez dijo que ser\u00eda la Secretar\u00eda de Salud quien oficialmente de las razones de la salida de Ramos Alor a trav\u00e9s de un comunicado en su p\u00e1gina web.<\/div>\n<div dir=\"auto\"><\/div>\n<div dir=\"auto\" data-removefontsize=\"true\" data-originalcomputedfontsize=\"16\">Sobre \u00a0Gerardo D\u00edaz Morales, quien se encuentra en calidad de encargado de despacho sustituy\u00f3 a Ramos Alor, el gobernador dijo que era su asesor \u00a0en salud durante la pandemia y adelant\u00f3 que probablemente sea el nuevo secretario de Salud en el estado.<\/div>\n<div dir=\"auto\"><\/div>\n<div dir=\"auto\" data-removefontsize=\"true\" data-originalcomputedfontsize=\"16\">Cabe se\u00f1alar que dicho comunicado de SESVER se\u00f1ala lo siguiente:<\/div>\n<div dir=\"auto\"><\/div>\n<div dir=\"auto\" data-removefontsize=\"true\" data-originalcomputedfontsize=\"16\">La Secretar\u00eda de Salud de Veracruz a trav\u00e9s de la Direcci\u00f3n Administrativa de los Servicios de Salud de Veracruz, informa que con respecto a los medicamentos oncol\u00f3gicos, se cuenta con abasto completo de claves vigentes, mismos que estamos distribuyendo de manera permanente mediante el plan estrat\u00e9gico de dispersi\u00f3n en las unidades m\u00e9dicas para su puntual aplicaci\u00f3n en los tratamientos.<\/div>\n<div dir=\"auto\"><\/div>\n<div dir=\"auto\" data-removefontsize=\"true\" data-originalcomputedfontsize=\"16\">Asimismo se comunica que lleva a cabo una coordinaci\u00f3n estrecha con el Instituto de Salud para el Bienestar (INSABI) para garantizar la distribuci\u00f3n de medicamentos que llegaron al estado, de manera adicional a las compras consolidadas y lo cu\u00e1l ha sido de gran apoyo para las unidades del primer nivel de atenci\u00f3n.<\/div>\n<div dir=\"auto\"><\/div>\n<div dir=\"auto\" data-removefontsize=\"true\" data-originalcomputedfontsize=\"16\">Al tiempo que se refuerza la estrategia de canje de medicamentos que ha tenido menor demanda por disminuci\u00f3n de consulta durante los dos a\u00f1os de pandemia por COVID-19.<\/div>\n<div dir=\"auto\"><\/div>\n<div dir=\"auto\" data-removefontsize=\"true\" data-originalcomputedfontsize=\"16\">Con lo anterior, se garantiza la atenci\u00f3n del abasto de medicamentos y tratamientos a pacientes en las unidades de SESVER, al tiempo de reiterar la prioridad que tiene la protecci\u00f3n de la salud de las y los veracruzanos para esta dependencia estatal.<\/div>\n<div dir=\"auto\"><\/div>\n<div dir=\"auto\" data-removefontsize=\"true\" data-originalcomputedfontsize=\"16\">Por lo que es totalmente falso, que medicamentos oncol\u00f3gicos est\u00e9n caducando en los almacenes, as\u00ed como es falso que no se est\u00e9n distribuyendo otros tratamientos.<\/div>\n<div dir=\"auto\"><\/div>\n<div dir=\"auto\" data-removefontsize=\"true\" data-originalcomputedfontsize=\"16\">Lamentamos que notas mal intencionadas hayan difundido informaci\u00f3n distorsionada de una correcta coordinaci\u00f3n que esta dependencia tiene con el INSABI, con quienes llevamos a cabo supervisiones de manera peri\u00f3dica para garantizar la distribuci\u00f3n de medicamentos.<\/div>\n","protected":false},"excerpt":{"rendered":"<p>Dar\u00edo Pale\u00a0 Xalapa, Ver.-\u00a0Es falso que la renuncia del exsecretario de Salud Roberto Ramos Alor a su cargo cargo sea consecuencia del desaprovechamiento de medicamentos oncol\u00f3gicos que recientemente se\u00f1al\u00f3 el Instituto de Salud para el Bienestar, as\u00ed lo dio a concomer el gobernador del estado Cuitl\u00e1huac Garc\u00eda Jim\u00e9nez. En entrevista el mandatario estatal se\u00f1al\u00f3 que, [&hellip;]<\/p>\n","protected":false},"author":1,"featured_media":27533,"comment_status":"open","ping_status":"open","sticky":false,"template":"","format":"standard","meta":{"_jetpack_memberships_contains_paid_content":false,"footnotes":""},"categories":[2],"tags":[],"class_list":["post-27532","post","type-post","status-publish","format-standard","has-post-thumbnail","hentry","category-estado"],"jetpack_featured_media_url":"https:\/\/encuentroinformativo.com.mx\/wp-content\/uploads\/2022\/05\/E1C6B352-6EB4-42B8-AD01-C527DDCD1199.jpeg","jetpack_sharing_enabled":true,"jetpack_likes_enabled":true,"amp_enabled":true,"_links":{"self":[{"href":"https:\/\/encuentroinformativo.com.mx\/index.php?rest_route=\/wp\/v2\/posts\/27532","targetHints":{"allow":["GET"]}}],"collection":[{"href":"https:\/\/encuentroinformativo.com.mx\/index.php?rest_route=\/wp\/v2\/posts"}],"about":[{"href":"https:\/\/encuentroinformativo.com.mx\/index.php?rest_route=\/wp\/v2\/types\/post"}],"author":[{"embeddable":true,"href":"https:\/\/encuentroinformativo.com.mx\/index.php?rest_route=\/wp\/v2\/users\/1"}],"replies":[{"embeddable":true,"href":"https:\/\/encuentroinformativo.com.mx\/index.php?rest_route=%2Fwp%2Fv2%2Fcomments&post=27532"}],"version-history":[{"count":1,"href":"https:\/\/encuentroinformativo.com.mx\/index.php?rest_route=\/wp\/v2\/posts\/27532\/revisions"}],"predecessor-version":[{"id":27534,"href":"https:\/\/encuentroinformativo.com.mx\/index.php?rest_route=\/wp\/v2\/posts\/27532\/revisions\/27534"}],"wp:featuredmedia":[{"embeddable":true,"href":"https:\/\/encuentroinformativo.com.mx\/index.php?rest_route=\/wp\/v2\/media\/27533"}],"wp:attachment":[{"href":"https:\/\/encuentroinformativo.com.mx\/index.php?rest_route=%2Fwp%2Fv2%2Fmedia&parent=27532"}],"wp:term":[{"taxonomy":"category","embeddable":true,"href":"https:\/\/encuentroinformativo.com.mx\/index.php?rest_route=%2Fwp%2Fv2%2Fcategories&post=27532"},{"taxonomy":"post_tag","embeddable":true,"href":"https:\/\/encuentroinformativo.com.mx\/index.php?rest_route=%2Fwp%2Fv2%2Ftags&post=27532"}],"curies":[{"name":"wp","href":"https:\/\/api.w.org\/{rel}","templated":true}]}}