{"id":27538,"date":"2022-05-22T13:17:10","date_gmt":"2022-05-22T18:17:10","guid":{"rendered":"https:\/\/encuentroinformativo.com.mx\/?p=27538"},"modified":"2022-05-22T13:17:10","modified_gmt":"2022-05-22T18:17:10","slug":"emprendimiento-consciente","status":"publish","type":"post","link":"https:\/\/encuentroinformativo.com.mx\/?p=27538","title":{"rendered":"Emprendimiento consciente"},"content":{"rendered":"<p class=\"s3\"><strong style=\"font-size: 1rem;\"><span class=\"s2\"><span class=\"bumpedFont15\">Zaira Rosas<\/span><\/span><\/strong><\/p>\n<p class=\"s5\"><span class=\"s4\"><span class=\"bumpedFont15\">Emprender es uno de los temas de nuestros d\u00edas, probablemente sea de las palabras m\u00e1s buscadas e incluso de los temas que m\u00e1s deseamos conocer. Establecer un negocio se ha vuelto una necesidad y el deseo de un gran n\u00famero de personas<\/span><\/span><span class=\"s4\"><span class=\"bumpedFont15\">. L<\/span><\/span><span class=\"s4\"><span class=\"bumpedFont15\">as motivaciones para hacerlo son diversas, sin embargo, es muy com\u00fan pensar en emprender para generar un mayor n\u00famero de ganancias, pocas veces se habla de hacerlo como una acci\u00f3n de solidaridad y esta \u00faltima deber\u00eda ser un pilar de todo emprendedor. <\/span><\/span><\/p>\n<p class=\"s5\"><span class=\"s4\"><span class=\"bumpedFont15\">Con el capitalismo resulta sencillo pensar en ideas de negocio que sean rentables, a\u00fan a costa de condiciones laborales dudosas, como es el caso de grandes industrias que se han sumado a la moda r\u00e1pida, ofreciendo amplios cat\u00e1logos al menor precio. Tambi\u00e9n est\u00e1n las propuestas de cadenas o franquicias que adquieren los productos al menor precio posible, sin valorar verdaderamente el trabajo de los productores, para as\u00ed ofrecer descuentos a sus compradores finales. <\/span><\/span><\/p>\n<p class=\"s5\"><span class=\"s4\"><span class=\"bumpedFont15\">Existe tambi\u00e9n otro tipo de emprendimiento, que con el tiempo deber\u00eda ser el m\u00e1s frecuente, pues a la larga ser\u00e1 el \u00fanico rentable y sustentable, me refiero a los emprendedores que buscan generar un negocio partiendo de un bien com\u00fan, <\/span><\/span><span class=\"s4\"><span class=\"bumpedFont15\">a quienes investigan el impacto de sus ideas, colaboran de manera justa con productores y\/o artesanos e incluso se preocupan por la huella ecol\u00f3gica que puedan tener en el ambiente. <\/span><\/span><\/p>\n<p class=\"s5\"><span class=\"s4\"><span class=\"bumpedFont15\">As\u00ed surgen marcas como Morena Coraz\u00f3n, que ofrece dise\u00f1os de joyer\u00eda sumamente emblem\u00e1ticos, pero adem\u00e1s son elaborados de manera colaborativa con artesanos y artistas. Cada dise\u00f1o tiene un significado especial que se basa en elementos de nuestra cultura, de acuerdo a su descripci\u00f3n buscan que su modelo de comercio sea justo, promueva la inclusi\u00f3n social y la equidad de g\u00e9nero. <\/span><\/span><\/p>\n<p class=\"s5\"><span class=\"s4\"><span class=\"bumpedFont15\">Es decir, el emprendimiento consciente es aquel que adem\u00e1s de generar ganancias econ\u00f3micas para todos los involucrados, tambi\u00e9n tiene un impacto positivo en el entorno, brindando un desarrollo y crecimiento a todas las partes. <\/span><\/span><\/p>\n<p class=\"s5\"><span class=\"s4\"><span class=\"bumpedFont15\">Otros proyectos que trabajan con responsabilidad social ponen especial atenci\u00f3n al cuidado del medio ambiente y estas preocupaciones deber\u00edan extenderse a todo tipo de empresas, pues si no comenzamos a centrar nuestra atenci\u00f3n en espacios m\u00e1s equitativos para todas las especies, pronto empezaremos a ver y sentir las consecuencias de nuestros actos, las cuales van m\u00e1s all\u00e1 del aumento del calor o el fr\u00edo, implica tambi\u00e9n el desarrollo de enfermedades y virus que seguramente no sabremos c\u00f3mo manejar, tal como lo vivimos recientemente con la pandemia. <\/span><\/span><\/p>\n<p class=\"s5\"><span class=\"s4\"><span class=\"bumpedFont15\">Los seres humanos estamos infinitamente conectados entre s\u00ed, pero tambi\u00e9n con el resto del mundo, de ah\u00ed la necesidad de protegernos en conjunto y visualizar con mayor detenimiento a los otros como iguales y al resto de especies con la misma val\u00eda que depositamos en la nuestra. <\/span><\/span><\/p>\n<p class=\"s5\"><span class=\"s4\"><span class=\"bumpedFont15\">Emprender es necesario para conocer alternativas funcionales para nuestra econom\u00eda, pero tambi\u00e9n es urgente hacerlo desde la consciencia y solidaridad, \u00bfqu\u00e9 hace que consideremos a algunos m\u00e1s dignos de oportunidades y al resto como menos merecedores o amenazas para el crecimiento? Algunos especialistas detallan que esto se debe a la p\u00e9rdida de empat\u00eda, en la cual poco nos preocupa el dolor o sufrimiento ajeno,<\/span><\/span><\/p>\n<p class=\"s5\"><span class=\"s4\"><span class=\"bumpedFont15\">Para desarrollar nuestra consciencia partamos de analizar qu\u00e9 estoy ofreciendo de mi para el bienestar de los dem\u00e1s y c\u00f3mo me estoy beneficiando de mis v\u00ednculos con el entorno. Pensemos en beneficios a largo plazo, quiz\u00e1s hoy los descuentos de grandes industrias parezcan una gran oportunidad, pero tengo la certeza que el d\u00eda de ma\u00f1ana vamos a asignar esa val\u00eda a nuestros recursos naturales cada vez m\u00e1s escasos, en lugar de productos de consumo que no son una necesidad b\u00e1sica. <\/span><\/span><\/p>\n<p class=\"s5\"><span class=\"s4\"><span class=\"bumpedFont15\">Como consumidores tambi\u00e9n podemos marcar una diferencia, apoyando proyectos que tengan un sustento social positivo, que sean m\u00e1s justos y equitativos, p<\/span><\/span><a name=\"_GoBack\"><\/a><span class=\"s4\"><span class=\"bumpedFont15\">ero sobre todo, dando prioridad a los productos locales y nacionales, por encima de las exportaciones, comencemos por lo m\u00e1s cercano<\/span><\/span><span class=\"s4\"><span class=\"bumpedFont15\"> y con mayor atenci\u00f3n a todo el proceso que tom\u00f3 para llegar a nuestras manos. La responsabilidad es de todos.<\/span><\/span><\/p>\n<p class=\"s3\">\n","protected":false},"excerpt":{"rendered":"<p>Zaira Rosas Emprender es uno de los temas de nuestros d\u00edas, probablemente sea de las palabras m\u00e1s buscadas e incluso de los temas que m\u00e1s deseamos conocer. Establecer un negocio se ha vuelto una necesidad y el deseo de un gran n\u00famero de personas. Las motivaciones para hacerlo son diversas, sin embargo, es muy com\u00fan [&hellip;]<\/p>\n","protected":false},"author":1,"featured_media":387,"comment_status":"open","ping_status":"open","sticky":false,"template":"","format":"standard","meta":{"_jetpack_memberships_contains_paid_content":false,"footnotes":""},"categories":[11],"tags":[],"class_list":["post-27538","post","type-post","status-publish","format-standard","has-post-thumbnail","hentry","category-opinion"],"jetpack_featured_media_url":"https:\/\/encuentroinformativo.com.mx\/wp-content\/uploads\/2020\/03\/7CF8A22B-2764-47BE-8F7F-38FE9E5D6A2F.jpeg","jetpack_sharing_enabled":true,"jetpack_likes_enabled":true,"amp_enabled":true,"_links":{"self":[{"href":"https:\/\/encuentroinformativo.com.mx\/index.php?rest_route=\/wp\/v2\/posts\/27538","targetHints":{"allow":["GET"]}}],"collection":[{"href":"https:\/\/encuentroinformativo.com.mx\/index.php?rest_route=\/wp\/v2\/posts"}],"about":[{"href":"https:\/\/encuentroinformativo.com.mx\/index.php?rest_route=\/wp\/v2\/types\/post"}],"author":[{"embeddable":true,"href":"https:\/\/encuentroinformativo.com.mx\/index.php?rest_route=\/wp\/v2\/users\/1"}],"replies":[{"embeddable":true,"href":"https:\/\/encuentroinformativo.com.mx\/index.php?rest_route=%2Fwp%2Fv2%2Fcomments&post=27538"}],"version-history":[{"count":1,"href":"https:\/\/encuentroinformativo.com.mx\/index.php?rest_route=\/wp\/v2\/posts\/27538\/revisions"}],"predecessor-version":[{"id":27539,"href":"https:\/\/encuentroinformativo.com.mx\/index.php?rest_route=\/wp\/v2\/posts\/27538\/revisions\/27539"}],"wp:featuredmedia":[{"embeddable":true,"href":"https:\/\/encuentroinformativo.com.mx\/index.php?rest_route=\/wp\/v2\/media\/387"}],"wp:attachment":[{"href":"https:\/\/encuentroinformativo.com.mx\/index.php?rest_route=%2Fwp%2Fv2%2Fmedia&parent=27538"}],"wp:term":[{"taxonomy":"category","embeddable":true,"href":"https:\/\/encuentroinformativo.com.mx\/index.php?rest_route=%2Fwp%2Fv2%2Fcategories&post=27538"},{"taxonomy":"post_tag","embeddable":true,"href":"https:\/\/encuentroinformativo.com.mx\/index.php?rest_route=%2Fwp%2Fv2%2Ftags&post=27538"}],"curies":[{"name":"wp","href":"https:\/\/api.w.org\/{rel}","templated":true}]}}