{"id":27540,"date":"2022-05-22T15:17:05","date_gmt":"2022-05-22T20:17:05","guid":{"rendered":"https:\/\/encuentroinformativo.com.mx\/?p=27540"},"modified":"2022-05-22T15:17:08","modified_gmt":"2022-05-22T20:17:08","slug":"familiares-de-jovenes-desaparecidos-en-actopan-protestan-en-pacho-viejo","status":"publish","type":"post","link":"https:\/\/encuentroinformativo.com.mx\/?p=27540","title":{"rendered":"Familiares de j\u00f3venes desaparecidos en Actopan, protestan en Pacho Viejo"},"content":{"rendered":"\n<p><strong>Juan Arcos <\/strong><\/p>\n\n\n\n<p>Coatepec, Ver.- Familiares de Jos\u00e9 Manuel Hern\u00e1ndez Ortiz y Juli\u00e1n Rosado Dom\u00ednguez, quienes desaparecieron el 26 de noviembre de 2013 en Actopan, junto otros tres j\u00f3venes, protestaron afuera del penal de Pacho Viejo, municipio de Coatepec.<\/p>\n\n\n\n<p>Los integrantes del colectivo Buscando a Nuestros Desaparecidos y Desaparecidas Veracruz acudieron a las Salas de Juicios Orales del Poder Judicial del Estado de Veracruz, debido a que esta ma\u00f1ana se celebrar\u00eda una audiencia donde se determinar\u00eda la situaci\u00f3n de un elemento de la Secretar\u00eda de Seguridad P\u00fablica (SSP) que presuntamente particip\u00f3 en la desaparici\u00f3n de los j\u00f3venes.<\/p>\n\n\n\n<p>Los familiares indicaron que los j\u00f3venes fueron intervenidos por polic\u00edas estatales y posteriormente trasladados a un ret\u00e9n instalado entre los municipios de Xalapa y Actopan, cuando les hab\u00edan informado que ser\u00edan presentados en el cuartel \u201cHeriberto Jara Corona\u201d, mejor conocido como \u201cSan Jos\u00e9\u201d.<\/p>\n\n\n\n<p>Los activistas exigieron que sea aplicado todo el peso de la ley contra el servidor p\u00fablico que permanec\u00eda activo y fue detenido el pasado 17 de mayo, debido a la presi\u00f3n por parte de los colectivos.<\/p>\n\n\n\n<p>\u201c\u00a1Basta de impunidad, exigimos la verdad!\u201d, se le\u00eda en algunas de sus lonas y pancartas que colocaron frente a las salas de juicios orales.<\/p>\n\n\n\n<p>De acuerdo con la activista Ana\u00eds Palacios Hern\u00e1ndez, debe ser un caso ejemplar de sanci\u00f3n a los responsables, para evitar que contin\u00faen ocurriendo estos acontecimientos en la entidad.<\/p>\n\n\n\n<p>Adem\u00e1s de que la investigaci\u00f3n de la cadena de mando que se sigui\u00f3 para desaparecer y ocultarles, debe ser una garant\u00eda de compromiso llevado a la acci\u00f3n para las familias de estos j\u00f3venes y para los miles de desaparecidos en Veracruz.<\/p>\n\n\n\n<p>Los familiares de Jos\u00e9 Manuel y Juli\u00e1n protestaron frente a Palacio de Gobierno el pasado 18 de mayo para denunciar que las autoridades han permitido el delito de desaparici\u00f3n forzada en el estado de Veracruz, mediante el ocultamiento de informaci\u00f3n.<\/p>\n","protected":false},"excerpt":{"rendered":"<p>Juan Arcos Coatepec, Ver.- Familiares de Jos\u00e9 Manuel Hern\u00e1ndez Ortiz y Juli\u00e1n Rosado Dom\u00ednguez, quienes desaparecieron el 26 de noviembre de 2013 en Actopan, junto otros tres j\u00f3venes, protestaron afuera del penal de Pacho Viejo, municipio de Coatepec. Los integrantes del colectivo Buscando a Nuestros Desaparecidos y Desaparecidas Veracruz acudieron a las Salas de Juicios [&hellip;]<\/p>\n","protected":false},"author":1,"featured_media":27541,"comment_status":"open","ping_status":"open","sticky":false,"template":"","format":"standard","meta":{"_jetpack_memberships_contains_paid_content":false,"footnotes":""},"categories":[8],"tags":[],"class_list":["post-27540","post","type-post","status-publish","format-standard","has-post-thumbnail","hentry","category-region"],"jetpack_featured_media_url":"https:\/\/encuentroinformativo.com.mx\/wp-content\/uploads\/2022\/05\/B52F6BF5-9A74-47DA-9E67-942AB10228DA.jpeg","jetpack_sharing_enabled":true,"jetpack_likes_enabled":true,"amp_enabled":true,"_links":{"self":[{"href":"https:\/\/encuentroinformativo.com.mx\/index.php?rest_route=\/wp\/v2\/posts\/27540","targetHints":{"allow":["GET"]}}],"collection":[{"href":"https:\/\/encuentroinformativo.com.mx\/index.php?rest_route=\/wp\/v2\/posts"}],"about":[{"href":"https:\/\/encuentroinformativo.com.mx\/index.php?rest_route=\/wp\/v2\/types\/post"}],"author":[{"embeddable":true,"href":"https:\/\/encuentroinformativo.com.mx\/index.php?rest_route=\/wp\/v2\/users\/1"}],"replies":[{"embeddable":true,"href":"https:\/\/encuentroinformativo.com.mx\/index.php?rest_route=%2Fwp%2Fv2%2Fcomments&post=27540"}],"version-history":[{"count":1,"href":"https:\/\/encuentroinformativo.com.mx\/index.php?rest_route=\/wp\/v2\/posts\/27540\/revisions"}],"predecessor-version":[{"id":27542,"href":"https:\/\/encuentroinformativo.com.mx\/index.php?rest_route=\/wp\/v2\/posts\/27540\/revisions\/27542"}],"wp:featuredmedia":[{"embeddable":true,"href":"https:\/\/encuentroinformativo.com.mx\/index.php?rest_route=\/wp\/v2\/media\/27541"}],"wp:attachment":[{"href":"https:\/\/encuentroinformativo.com.mx\/index.php?rest_route=%2Fwp%2Fv2%2Fmedia&parent=27540"}],"wp:term":[{"taxonomy":"category","embeddable":true,"href":"https:\/\/encuentroinformativo.com.mx\/index.php?rest_route=%2Fwp%2Fv2%2Fcategories&post=27540"},{"taxonomy":"post_tag","embeddable":true,"href":"https:\/\/encuentroinformativo.com.mx\/index.php?rest_route=%2Fwp%2Fv2%2Ftags&post=27540"}],"curies":[{"name":"wp","href":"https:\/\/api.w.org\/{rel}","templated":true}]}}