{"id":2755,"date":"2020-05-23T11:05:12","date_gmt":"2020-05-23T16:05:12","guid":{"rendered":"https:\/\/encuentroinformativo.com\/?p=2755"},"modified":"2020-05-23T11:05:14","modified_gmt":"2020-05-23T16:05:14","slug":"felicidad-del-pueblo-pib","status":"publish","type":"post","link":"https:\/\/encuentroinformativo.com.mx\/?p=2755","title":{"rendered":"Felicidad del Pueblo &#038; PIB"},"content":{"rendered":"\n<p><strong>N\u00fameros Rojos<\/strong><\/p>\n\n\n\n<p><strong>Brenda Caballero<\/strong><\/p>\n\n\n\n<p>Antes de que contin\u00fae esta columna de opini\u00f3n, piense un momento: \u00bfQu\u00e9 la o lo hace feliz? Definitivamente la felicidad puede variar en el tiempo, en cada \u00e9poca, en cada lugar, en cada espacio.<\/p>\n\n\n\n<p>Ahora que estamos enmedio de la pandemia, la felicidad de unos es muy diferente a la de otros. Alguien pudiera ser feliz con abrazar a sus seres queridos, mientras otros pudieran ser felices llevando alimento a su mesa y ver comer a su familia. Y as\u00ed pudi\u00e9ramos mencionar muchos ejemplos.<\/p>\n\n\n\n<p>Pero, \u00bfse puede medir esa sensaci\u00f3n como lo quiere hacer el Presidente al desarrollar un \u00edndice de Felicidad?<\/p>\n\n\n\n<p>En conferencia, asegur\u00f3 que ya anda buscando expertos que elaboren dicho \u00edndice o par\u00e1metro que al parecer se llamar\u00e1 La Felicidad del Pueblo y que medir\u00e1 el crecimiento del pa\u00eds, el bienestar, los grados de desigualdad social para distribuir la riqueza y el progreso, ya que para \u00e9l, el crecimiento econ\u00f3mico no sirve, si no est\u00e1 acompa\u00f1ado de igualdad y democracia, y pues ahora \u2026 \u00a1de felicidad!<\/p>\n\n\n\n<p>Recordemos que \u00faltimamente el presidente ha minimizado el Producto Interno Bruto (PIB) y pretende sustituirlo a pesar de que el PIB es un instrumento de medici\u00f3n objetivo, est\u00e1ndar, fundamental para las pol\u00edticas p\u00fablicas y hasta para calcular los ingresos anuales en funci\u00f3n del crecimiento de cada pa\u00eds.&nbsp;<\/p>\n\n\n\n<p>\u00bfLograr\u00e1 el \u00cdndice Felicidad del Pueblo sustituir al Producto Interno Bruto?<\/p>\n\n\n\n<p>A trav\u00e9s de la historia, fil\u00f3sofos, cient\u00edficos, acad\u00e9micos y otros estudiosos han tratado de medir la felicidad, pues qu\u00e9 gobierno no quiere tener felices a todos sus gobernados? Incluso organismos internacionales como la ONU o la misma OCDE apoyan su implementaci\u00f3n. Algunos pa\u00edses como But\u00e1n, Francia, Inglaterra o Chile han incorporado mediciones en sus encuestas y censos.&nbsp;<\/p>\n\n\n\n<p>Los cient\u00edficos tambi\u00e9n han tratado de medir la felicidad, pero le han dado un enfoque operacional, es decir: La felicidad es el grado con que una persona aprecia la totalidad de su vida presente de forma positiva y experimenta afectos de tipo placentero.<\/p>\n\n\n\n<p>Aunque la duda que me surge es \u00bffuncionar\u00e1 ese \u00edndice de felicidad y bienestar cuando en sexenios anteriores, con Enrique Pe\u00f1a Nieto por ejemplo, en el 2016, M\u00e9xico era el pa\u00eds m\u00e1s feliz del mundo seg\u00fan el \u00edndice de Felicidad del Planeta (Happy Planet Index)?<\/p>\n\n\n\n<p>En 2019 bajamos al segundo lugar, pues Costa Rica encabeza la lista; en tercero est\u00e1 Colombia; cuarto lugar, Cant\u00fa; y quinto, Vietnam.&nbsp;<\/p>\n\n\n\n<p>El \u00edndice mide cuatro aspectos: Bienestar, Esperanza de Vida, Huella Ecol\u00f3gica e Inequidad.<\/p>\n\n\n\n<p>Todo indica que el Presidente quiere que lo recuerden como el m\u00e1s feliz y con mayor bienestar, incluso ya lo debe estar cocinando para que sea usado con la \u201cnueva normalidad\u201d a la que entraremos en pr\u00f3ximos d\u00edas.<\/p>\n\n\n\n<p>Solo espero que despu\u00e9s no se le ocurra sancionar a los que nos quiten la felicidad, pues\u2026 \u00bfse imagina usted el n\u00famero de demandas, juicios y sentencias?<br><\/p>\n\n\n\n<p>@NumerosRojos_BC<\/p>\n\n\n\n<p><a href=\"mailto:caballero_brenda@hotmail.com\" target=\"_blank\" rel=\"noreferrer noopener\">caballero_brenda@hotmail.com<\/a><\/p>\n","protected":false},"excerpt":{"rendered":"<p>N\u00fameros Rojos Brenda Caballero Antes de que contin\u00fae esta columna de opini\u00f3n, piense un momento: \u00bfQu\u00e9 la o lo hace feliz? Definitivamente la felicidad puede variar en el tiempo, en cada \u00e9poca, en cada lugar, en cada espacio. Ahora que estamos enmedio de la pandemia, la felicidad de unos es muy diferente a la de [&hellip;]<\/p>\n","protected":false},"author":1,"featured_media":387,"comment_status":"open","ping_status":"open","sticky":false,"template":"","format":"standard","meta":{"_jetpack_memberships_contains_paid_content":false,"footnotes":""},"categories":[11],"tags":[],"class_list":["post-2755","post","type-post","status-publish","format-standard","has-post-thumbnail","hentry","category-opinion"],"jetpack_featured_media_url":"https:\/\/encuentroinformativo.com.mx\/wp-content\/uploads\/2020\/03\/7CF8A22B-2764-47BE-8F7F-38FE9E5D6A2F.jpeg","jetpack_sharing_enabled":true,"jetpack_likes_enabled":true,"amp_enabled":true,"_links":{"self":[{"href":"https:\/\/encuentroinformativo.com.mx\/index.php?rest_route=\/wp\/v2\/posts\/2755","targetHints":{"allow":["GET"]}}],"collection":[{"href":"https:\/\/encuentroinformativo.com.mx\/index.php?rest_route=\/wp\/v2\/posts"}],"about":[{"href":"https:\/\/encuentroinformativo.com.mx\/index.php?rest_route=\/wp\/v2\/types\/post"}],"author":[{"embeddable":true,"href":"https:\/\/encuentroinformativo.com.mx\/index.php?rest_route=\/wp\/v2\/users\/1"}],"replies":[{"embeddable":true,"href":"https:\/\/encuentroinformativo.com.mx\/index.php?rest_route=%2Fwp%2Fv2%2Fcomments&post=2755"}],"version-history":[{"count":1,"href":"https:\/\/encuentroinformativo.com.mx\/index.php?rest_route=\/wp\/v2\/posts\/2755\/revisions"}],"predecessor-version":[{"id":2756,"href":"https:\/\/encuentroinformativo.com.mx\/index.php?rest_route=\/wp\/v2\/posts\/2755\/revisions\/2756"}],"wp:featuredmedia":[{"embeddable":true,"href":"https:\/\/encuentroinformativo.com.mx\/index.php?rest_route=\/wp\/v2\/media\/387"}],"wp:attachment":[{"href":"https:\/\/encuentroinformativo.com.mx\/index.php?rest_route=%2Fwp%2Fv2%2Fmedia&parent=2755"}],"wp:term":[{"taxonomy":"category","embeddable":true,"href":"https:\/\/encuentroinformativo.com.mx\/index.php?rest_route=%2Fwp%2Fv2%2Fcategories&post=2755"},{"taxonomy":"post_tag","embeddable":true,"href":"https:\/\/encuentroinformativo.com.mx\/index.php?rest_route=%2Fwp%2Fv2%2Ftags&post=2755"}],"curies":[{"name":"wp","href":"https:\/\/api.w.org\/{rel}","templated":true}]}}