{"id":27556,"date":"2022-05-22T18:41:04","date_gmt":"2022-05-22T23:41:04","guid":{"rendered":"https:\/\/encuentroinformativo.com.mx\/?p=27556"},"modified":"2022-05-22T18:01:15","modified_gmt":"2022-05-22T23:01:15","slug":"niega-normal-veracruzana-discriminar-a-estudiantes-embarazadas","status":"publish","type":"post","link":"https:\/\/encuentroinformativo.com.mx\/?p=27556","title":{"rendered":"Niega Normal Veracruzana discriminar a estudiantes embarazadas"},"content":{"rendered":"\n<p><strong>Juan Arcos <\/strong><\/p>\n\n\n\n<p>Xalapa, Ver.- La estudiante del sexto semestre que se sinti\u00f3 discriminada por estar embarazada y dijo haber sido cesada de la Benem\u00e9rita Escuela Normal Veracruzana (BENV) \u201cEnrique C. Rebsamen\u201d por inasistencias, podr\u00e1 concluir sus estudios profesionales.<\/p>\n\n\n\n<p>As\u00ed lo dio a conocer el director de la BENV, Daniel Dom\u00ednguez Aguilar, quien a\u00f1adi\u00f3 que el caso tuvo impacto, se viraliz\u00f3 en las redes sociales y ya fue atendido.<\/p>\n\n\n\n<p>\u201cEl problema ya est\u00e1 resuelto, pero no hay nada, se manej\u00f3 que la chica hab\u00eda sido dada de baja, pero no es cierto, la chica sigue teniendo vigencia, lo que m\u00e1s nos preocup\u00f3 era su estado de salud, me parece que ese aspecto ha mejorado\u201d, insisti\u00f3.<\/p>\n\n\n\n<p>El entrevistado mencion\u00f3 que se ha buscado el equilibrio para que la joven pueda concluir sus estudios, sus pr\u00e1cticas profesionales y obtener su documento recepcional.<\/p>\n\n\n\n<p>Tambi\u00e9n neg\u00f3 que la alumna haya sido discriminada por estar embarazada y tener amenaza de aborto; sin embargo, reconoci\u00f3 que las normas escolares deben ser respetadas.<\/p>\n\n\n\n<p>\u201cAhora se debe privilegiar m\u00e1s la cuesti\u00f3n de g\u00e9nero y aunque nosotros en un momento dado nos cost\u00f3 trabajo, porque como director mi obligaci\u00f3n es propiciar que las normas se cumplan, pero en este caso espec\u00edfico, me parece que lo que establecen las leyes, la Constituci\u00f3n, en cuanto a la protecci\u00f3n de las mujeres, prevaleci\u00f3\u201d, agreg\u00f3.<\/p>\n\n\n\n<p>Dom\u00ednguez Aguilar asegur\u00f3 que desde un inicio tuvo conocimiento del caso y descart\u00f3 que la joven haya sido obligada a firmar un documento, mediante enga\u00f1os, para darla de baja de la instituci\u00f3n de educaci\u00f3n superior.<\/p>\n\n\n\n<p>\u201cTe reitero, el tema est\u00e1 resuelto. Estaba yo informado permanentemente de la evoluci\u00f3n del caso, tanto por su maestra, la coordinadora de licenciatura, la subdirectora de docencia y la secretaria acad\u00e9mica, en eso siempre tuve la informaci\u00f3n puntual\u201d, enfatiz\u00f3.<\/p>\n\n\n\n<p>Daniel Dom\u00ednguez record\u00f3 que las inasistencias infringen los reglamentos de la Normal Veracruzana y, aunque pueden justificarse, no es posible eliminarlas.<br>\u201cHay muchachos que piensan que con justificar se quedaron sin faltas y no es as\u00ed.<\/p>\n\n\n\n<p>Esa faltas est\u00e1n ah\u00ed, justificadas, pero si se acumulan otras que no lo son, entonces eso tiende a generar problemas. Pero todo se encaus\u00f3 debidamente, hubo mucha recomendaci\u00f3n de fuera, cuesti\u00f3n que nos alert\u00f3 y nos permiti\u00f3 atender el caso con celeridad\u201d.<\/p>\n\n\n\n<p>El jueves 19 de mayo se le entreg\u00f3 un documento a la estudiante donde se le inform\u00f3 que no hay problema con que contin\u00fae sus estudios.<\/p>\n\n\n\n<p>Reci\u00e9n se hizo p\u00fablico el caso de Karla, con dos meses de embarazo, estudiante de la BENV, quien dijo haber sido discriminada y enga\u00f1ada para firmar su baja administrativa por parte de autoridades acad\u00e9micas.<\/p>\n","protected":false},"excerpt":{"rendered":"<p>Juan Arcos Xalapa, Ver.- La estudiante del sexto semestre que se sinti\u00f3 discriminada por estar embarazada y dijo haber sido cesada de la Benem\u00e9rita Escuela Normal Veracruzana (BENV) \u201cEnrique C. Rebsamen\u201d por inasistencias, podr\u00e1 concluir sus estudios profesionales. As\u00ed lo dio a conocer el director de la BENV, Daniel Dom\u00ednguez Aguilar, quien a\u00f1adi\u00f3 que el [&hellip;]<\/p>\n","protected":false},"author":1,"featured_media":27557,"comment_status":"open","ping_status":"open","sticky":false,"template":"","format":"standard","meta":{"_jetpack_memberships_contains_paid_content":false,"footnotes":""},"categories":[3],"tags":[],"class_list":["post-27556","post","type-post","status-publish","format-standard","has-post-thumbnail","hentry","category-xalapa"],"jetpack_featured_media_url":"https:\/\/encuentroinformativo.com.mx\/wp-content\/uploads\/2022\/05\/5B9EAE78-AC9D-4AAC-8DE6-62E829A86A27.jpeg","jetpack_sharing_enabled":true,"jetpack_likes_enabled":true,"amp_enabled":true,"_links":{"self":[{"href":"https:\/\/encuentroinformativo.com.mx\/index.php?rest_route=\/wp\/v2\/posts\/27556","targetHints":{"allow":["GET"]}}],"collection":[{"href":"https:\/\/encuentroinformativo.com.mx\/index.php?rest_route=\/wp\/v2\/posts"}],"about":[{"href":"https:\/\/encuentroinformativo.com.mx\/index.php?rest_route=\/wp\/v2\/types\/post"}],"author":[{"embeddable":true,"href":"https:\/\/encuentroinformativo.com.mx\/index.php?rest_route=\/wp\/v2\/users\/1"}],"replies":[{"embeddable":true,"href":"https:\/\/encuentroinformativo.com.mx\/index.php?rest_route=%2Fwp%2Fv2%2Fcomments&post=27556"}],"version-history":[{"count":1,"href":"https:\/\/encuentroinformativo.com.mx\/index.php?rest_route=\/wp\/v2\/posts\/27556\/revisions"}],"predecessor-version":[{"id":27558,"href":"https:\/\/encuentroinformativo.com.mx\/index.php?rest_route=\/wp\/v2\/posts\/27556\/revisions\/27558"}],"wp:featuredmedia":[{"embeddable":true,"href":"https:\/\/encuentroinformativo.com.mx\/index.php?rest_route=\/wp\/v2\/media\/27557"}],"wp:attachment":[{"href":"https:\/\/encuentroinformativo.com.mx\/index.php?rest_route=%2Fwp%2Fv2%2Fmedia&parent=27556"}],"wp:term":[{"taxonomy":"category","embeddable":true,"href":"https:\/\/encuentroinformativo.com.mx\/index.php?rest_route=%2Fwp%2Fv2%2Fcategories&post=27556"},{"taxonomy":"post_tag","embeddable":true,"href":"https:\/\/encuentroinformativo.com.mx\/index.php?rest_route=%2Fwp%2Fv2%2Ftags&post=27556"}],"curies":[{"name":"wp","href":"https:\/\/api.w.org\/{rel}","templated":true}]}}