{"id":27559,"date":"2022-05-22T23:18:48","date_gmt":"2022-05-23T04:18:48","guid":{"rendered":"https:\/\/encuentroinformativo.com.mx\/?p=27559"},"modified":"2022-05-22T23:18:51","modified_gmt":"2022-05-23T04:18:51","slug":"en-busca-de-viri-protestan-en-caseta-de-la-antigua","status":"publish","type":"post","link":"https:\/\/encuentroinformativo.com.mx\/?p=27559","title":{"rendered":"En busca de Viri, protestan en caseta de La Antigua"},"content":{"rendered":"\n<p><strong>Juan Arcos <\/strong><\/p>\n\n\n\n<p>Xalapa, Ver.- Familiares y amigos de Viridiana Moreno V\u00e1squez tomaron la caseta de peaje del municipio de La Antigua, en la zona centro de Veracruz, para exigir a las autoridades que agilicen la b\u00fasqueda para su localizaci\u00f3n con vida.<\/p>\n\n\n\n<p>Las personas liberaron las plumas de cobro la noche de este domingo sobre la carretera Xalapa-Veracruz, debido a que la joven, de 31 a\u00f1os, desapareci\u00f3 el pasado mi\u00e9rcoles 18 de mayo, cuando sali\u00f3 de casa rumbo a una entrevista de trabajo en el hotel \u201cBienvenido\u201d de ciudad Cardel, en La Antigua.<\/p>\n\n\n\n<p>Los pobladores demandaron a la gerencia general del hotel que muestre las grabaciones de las c\u00e1maras de videovigilancia para saber si Viridiana lleg\u00f3 a su destino.<\/p>\n\n\n\n<p>Viridiana vive con su familia en Cardel, pero es originaria de Tlaltetela. Fue vista por \u00faltima vez a las cuatro de la tarde de ese d\u00eda, presuntamente a bordo de su motoneta, color azul, con matr\u00edcula 26YJD.<\/p>\n\n\n\n<p>Los habitantes de Tlaltetela, un municipio cercano Huatusco, iniciaron una b\u00fasqueda y presentaron la denuncia correspondiente en la Fiscal\u00eda General del Estado (FGE) para su localizaci\u00f3n.<\/p>\n\n\n\n<p>Por este caso, se integr\u00f3 la carpeta de investigaci\u00f3n 157\/2022 de la Fiscal\u00eda Especializada en Personas Desaparecidas del Estado de Veracruz.<\/p>\n\n\n\n<p>Sin embargo, los familiares de la joven denunciaron que el hotel \u201cBienvenido\u201d se niega a cooperar en la investigaci\u00f3n, pues no pretende entregar el material de video de sus c\u00e1maras, donde aseguraron que no ten\u00edan dicha infraestructura de seguridad y despu\u00e9s argumentaron que el disco duro no serv\u00eda.<\/p>\n\n\n\n<p>Un grupo de ca\u00f1eros, en su mayor\u00eda familiares de Viri, tambi\u00e9n protest\u00f3 en la zona de ca\u00f1ales del municipio de Tlaltetela, durante este domingo 22 de mayo, para presionar a las autoridades y as\u00ed garantizar que la joven sea localizada lo antes posible.<\/p>\n\n\n\n<p>Adem\u00e1s, sus familiares y pobladores realizan brigadas de b\u00fasqueda en ciudad Cardel y en otras zonas aleda\u00f1as, para encontrarla.<\/p>\n","protected":false},"excerpt":{"rendered":"<p>Juan Arcos Xalapa, Ver.- Familiares y amigos de Viridiana Moreno V\u00e1squez tomaron la caseta de peaje del municipio de La Antigua, en la zona centro de Veracruz, para exigir a las autoridades que agilicen la b\u00fasqueda para su localizaci\u00f3n con vida. Las personas liberaron las plumas de cobro la noche de este domingo sobre la [&hellip;]<\/p>\n","protected":false},"author":1,"featured_media":27560,"comment_status":"open","ping_status":"open","sticky":false,"template":"","format":"standard","meta":{"_jetpack_memberships_contains_paid_content":false,"footnotes":""},"categories":[8],"tags":[],"class_list":["post-27559","post","type-post","status-publish","format-standard","has-post-thumbnail","hentry","category-region"],"jetpack_featured_media_url":"https:\/\/encuentroinformativo.com.mx\/wp-content\/uploads\/2022\/05\/FB0C8C83-29E1-4009-A76E-C2614233F70A.jpeg","jetpack_sharing_enabled":true,"jetpack_likes_enabled":true,"amp_enabled":true,"_links":{"self":[{"href":"https:\/\/encuentroinformativo.com.mx\/index.php?rest_route=\/wp\/v2\/posts\/27559","targetHints":{"allow":["GET"]}}],"collection":[{"href":"https:\/\/encuentroinformativo.com.mx\/index.php?rest_route=\/wp\/v2\/posts"}],"about":[{"href":"https:\/\/encuentroinformativo.com.mx\/index.php?rest_route=\/wp\/v2\/types\/post"}],"author":[{"embeddable":true,"href":"https:\/\/encuentroinformativo.com.mx\/index.php?rest_route=\/wp\/v2\/users\/1"}],"replies":[{"embeddable":true,"href":"https:\/\/encuentroinformativo.com.mx\/index.php?rest_route=%2Fwp%2Fv2%2Fcomments&post=27559"}],"version-history":[{"count":1,"href":"https:\/\/encuentroinformativo.com.mx\/index.php?rest_route=\/wp\/v2\/posts\/27559\/revisions"}],"predecessor-version":[{"id":27561,"href":"https:\/\/encuentroinformativo.com.mx\/index.php?rest_route=\/wp\/v2\/posts\/27559\/revisions\/27561"}],"wp:featuredmedia":[{"embeddable":true,"href":"https:\/\/encuentroinformativo.com.mx\/index.php?rest_route=\/wp\/v2\/media\/27560"}],"wp:attachment":[{"href":"https:\/\/encuentroinformativo.com.mx\/index.php?rest_route=%2Fwp%2Fv2%2Fmedia&parent=27559"}],"wp:term":[{"taxonomy":"category","embeddable":true,"href":"https:\/\/encuentroinformativo.com.mx\/index.php?rest_route=%2Fwp%2Fv2%2Fcategories&post=27559"},{"taxonomy":"post_tag","embeddable":true,"href":"https:\/\/encuentroinformativo.com.mx\/index.php?rest_route=%2Fwp%2Fv2%2Ftags&post=27559"}],"curies":[{"name":"wp","href":"https:\/\/api.w.org\/{rel}","templated":true}]}}