{"id":27565,"date":"2022-05-23T11:02:26","date_gmt":"2022-05-23T16:02:26","guid":{"rendered":"https:\/\/encuentroinformativo.com.mx\/?p=27565"},"modified":"2022-05-23T11:02:28","modified_gmt":"2022-05-23T16:02:28","slug":"procedera-observatorio-civico-por-almacenamiento-de-medicamentos","status":"publish","type":"post","link":"https:\/\/encuentroinformativo.com.mx\/?p=27565","title":{"rendered":"Proceder\u00e1 Observatorio C\u00edvico por almacenamiento de medicamentos"},"content":{"rendered":"\n<p><strong>Juan Arcos<\/strong><\/p>\n\n\n\n<p>Xalapa, Ver.- Integrantes del Observatorio C\u00edvico Social protestaron frente a Palacio de Gobierno para dar a conocer que proceder\u00e1n de manera legal por el almacenamiento de medicamentos oncol\u00f3gicos a punto de caducarse, los cuales no fueron entregados a los pacientes con c\u00e1ncer.<\/p>\n\n\n\n<p>De acuerdo con Carlos Hern\u00e1ndez Arriaga, integrante de la organizaci\u00f3n, es necesaria una investigaci\u00f3n y una sanci\u00f3n ejemplar contra los responsables de dicha situaci\u00f3n.<\/p>\n\n\n\n<p>El entrevistado repudi\u00f3 que sean casi un mill\u00f3n de medicamentos oncol\u00f3gicos que no han sido entregados por la Secretar\u00eda de Salud de Veracruz a personas que luchan contra la enfermedad.<\/p>\n\n\n\n<p>\u201cS\u00ed, ya estamos dialogando, ahorita estamos con compa\u00f1eros del Observatorio C\u00edvico Social, son varios conocedores del tema y se est\u00e1 viendo interponer acciones legales\u201d, expres\u00f3.<\/p>\n\n\n\n<p>El activista se\u00f1al\u00f3 que los pacientes est\u00e1n siendo v\u00edctimas nuevamente durante este gobierno estatal, que encabeza el Movimiento de Regeneraci\u00f3n Nacional (Morena), luego de sufrir claras violaciones a sus derechos humanos durante el sexenio de Javier Duarte de Ochoa.<\/p>\n\n\n\n<p>\u201cEs algo grav\u00edsimo porque afecta directamente a los pacientes de c\u00e1ncer, nuevamente vuelven a ser v\u00edctimas. En el duartismo les daban agua en lugar de medicamentos y ahora simplemente se quedan esperando que se los entreguen\u201d, se\u00f1al\u00f3.<\/p>\n\n\n\n<p>A su juicio, el exsecretario de Salud de Veracruz, Roberto Ramos Alor, podr\u00eda tener responsabilidad en el manejo indebido de los medicamentos oncol\u00f3gicos y, por ello, debe ser investigado.<\/p>\n\n\n\n<p>\u201cResulta descabellado, que mientras en los hospitales se carece de los medicamentos, no creemos que esos medicamentos embodegados a punto de caducar sean los \u00fanicos\u201d, enfatiz\u00f3 Hern\u00e1ndez Arriaga.<\/p>\n\n\n\n<p>Cabe recordar que el Instituto Nacional de Salud para el Bienestar (Insabi) inform\u00f3 que m\u00e1s de 884 mil piezas de medicamentos oncol\u00f3gicos estaban almacenados en Veracruz, con una caducidad menor a nueve meses.<\/p>\n","protected":false},"excerpt":{"rendered":"<p>Juan Arcos Xalapa, Ver.- Integrantes del Observatorio C\u00edvico Social protestaron frente a Palacio de Gobierno para dar a conocer que proceder\u00e1n de manera legal por el almacenamiento de medicamentos oncol\u00f3gicos a punto de caducarse, los cuales no fueron entregados a los pacientes con c\u00e1ncer. De acuerdo con Carlos Hern\u00e1ndez Arriaga, integrante de la organizaci\u00f3n, es [&hellip;]<\/p>\n","protected":false},"author":1,"featured_media":27566,"comment_status":"open","ping_status":"open","sticky":false,"template":"","format":"standard","meta":{"_jetpack_memberships_contains_paid_content":false,"footnotes":""},"categories":[9],"tags":[],"class_list":["post-27565","post","type-post","status-publish","format-standard","has-post-thumbnail","hentry","category-salud"],"jetpack_featured_media_url":"https:\/\/encuentroinformativo.com.mx\/wp-content\/uploads\/2022\/05\/1D642B28-A4E6-47EC-9C99-1E8CD3DF2748.jpeg","jetpack_sharing_enabled":true,"jetpack_likes_enabled":true,"amp_enabled":true,"_links":{"self":[{"href":"https:\/\/encuentroinformativo.com.mx\/index.php?rest_route=\/wp\/v2\/posts\/27565","targetHints":{"allow":["GET"]}}],"collection":[{"href":"https:\/\/encuentroinformativo.com.mx\/index.php?rest_route=\/wp\/v2\/posts"}],"about":[{"href":"https:\/\/encuentroinformativo.com.mx\/index.php?rest_route=\/wp\/v2\/types\/post"}],"author":[{"embeddable":true,"href":"https:\/\/encuentroinformativo.com.mx\/index.php?rest_route=\/wp\/v2\/users\/1"}],"replies":[{"embeddable":true,"href":"https:\/\/encuentroinformativo.com.mx\/index.php?rest_route=%2Fwp%2Fv2%2Fcomments&post=27565"}],"version-history":[{"count":1,"href":"https:\/\/encuentroinformativo.com.mx\/index.php?rest_route=\/wp\/v2\/posts\/27565\/revisions"}],"predecessor-version":[{"id":27567,"href":"https:\/\/encuentroinformativo.com.mx\/index.php?rest_route=\/wp\/v2\/posts\/27565\/revisions\/27567"}],"wp:featuredmedia":[{"embeddable":true,"href":"https:\/\/encuentroinformativo.com.mx\/index.php?rest_route=\/wp\/v2\/media\/27566"}],"wp:attachment":[{"href":"https:\/\/encuentroinformativo.com.mx\/index.php?rest_route=%2Fwp%2Fv2%2Fmedia&parent=27565"}],"wp:term":[{"taxonomy":"category","embeddable":true,"href":"https:\/\/encuentroinformativo.com.mx\/index.php?rest_route=%2Fwp%2Fv2%2Fcategories&post=27565"},{"taxonomy":"post_tag","embeddable":true,"href":"https:\/\/encuentroinformativo.com.mx\/index.php?rest_route=%2Fwp%2Fv2%2Ftags&post=27565"}],"curies":[{"name":"wp","href":"https:\/\/api.w.org\/{rel}","templated":true}]}}