{"id":27571,"date":"2022-05-23T11:38:26","date_gmt":"2022-05-23T16:38:26","guid":{"rendered":"https:\/\/encuentroinformativo.com.mx\/?p=27571"},"modified":"2022-05-23T11:38:29","modified_gmt":"2022-05-23T16:38:29","slug":"coparmex-quedo-fuera-de-reunion-sobre-el-acuario","status":"publish","type":"post","link":"https:\/\/encuentroinformativo.com.mx\/?p=27571","title":{"rendered":"COPARMEX qued\u00f3 fuera de reuni\u00f3n sobre el Acuario"},"content":{"rendered":"\n<p><strong>Alejandro \u00c1vila<\/strong><\/p>\n\n\n\n<p>Veracruz, Ver.- El pasado viernes, el gobernador, Cuitl\u00e1huac Garc\u00eda Jim\u00e9nez sostuvo una reuni\u00f3n con las c\u00e1maras empresariales de la zona conurbada Veracruz &#8211; Boca del R\u00edo, para platicar sobre los proyectos a futuro con el <em>Aquarium<\/em> del Puerto de Veracruz.<\/p>\n\n\n\n<p>En dicha reuni\u00f3n estuvo presente el secretario de Turismo, Iv\u00e1n Mart\u00ednez Olvera; secretar\u00eda de Finanzas, Jos\u00e9 Luis Lima Franco; el presidente de CANIRAC, Marcel Van Eyck; el presidente de CANACO, Edi Alberto Mart\u00ednez Tejeda; el presidente de la Asociaci\u00f3n de Hoteles, Santiago Caram\u00e9s; el presidente de COMETUR, Sergio Lois Heredia; y el regidor de Veracruz Daniel Mart\u00edn Lois.<\/p>\n\n\n\n<p>Sorpresivamente no fue invitado Alberto Aj\u00e1 Cantero, presidente de COPARMEX; aunque extraoficialmente se mencion\u00f3 que, se debi\u00f3 al activismo durante la clausura, pues fue uno de los promotores de la marcha contra Gobierno del Estado<\/p>\n\n\n\n<p>Durante la reuni\u00f3n las c\u00e1maras empresariales solicitaron estar presentes dentro del Consejo Administrativo para promover su correcto funcionamiento evitando burocracia, en dicho Consejo solicitaron la participaci\u00f3n de las instituciones educativas del mar, con la finalidad de aportar su experiencia para el cuidado de la flora y fauna del Aquarium del Puerto Veracruz; ambos grupos, pidieron, tener voz y voto en las decisiones a futuro del recinto tur\u00edstico.<\/p>\n\n\n\n<p>En un comunicado enviado por la Asociaci\u00f3n de Hoteles y Moteles de Veracruz se puntualiz\u00f3 que, el Gobierno del Estado se comprometi\u00f3 a invertir a corto plazo en la remodelaci\u00f3n del Aquarium del Puerto de Veracruz, as\u00ed como de la Plaza Comercial que lo alberga.<\/p>\n\n\n\n<p>Se habl\u00f3 tambi\u00e9n, dijo, sobre la propuesta del gobernador de ofrecer 30% descuento a los turistas hospedados en hoteles de la zona conurbada; adem\u00e1s Cuitl\u00e1huac Garc\u00eda, les asegur\u00f3 estar\u00e1 abierto a escuchar propuestas de paquetes tur\u00edsticos que ayuden a incrementar la ocupaci\u00f3n y actividad en Veracruz y Boca del R\u00edo.<\/p>\n\n\n\n<p>Finalmente los empresarios del ramo tur\u00edstico le solicitaron al gobernador Cuitl\u00e1huac Garc\u00eda Jim\u00e9nez, interceder para la reapertura de los sitios tur\u00edsticos bajo el resguardo del INAH, que que a\u00fan siguen sin estar disponibles al p\u00fablico.<\/p>\n\n\n\n<figure class=\"wp-block-image size-large\"><img loading=\"lazy\" decoding=\"async\" width=\"792\" height=\"1024\" src=\"https:\/\/encuentroinformativo.com.mx\/wp-content\/uploads\/2022\/05\/13F1734E-746C-416C-A102-65B28F2D694F-792x1024.jpeg\" alt=\"\" class=\"wp-image-27572\" srcset=\"https:\/\/encuentroinformativo.com.mx\/wp-content\/uploads\/2022\/05\/13F1734E-746C-416C-A102-65B28F2D694F-792x1024.jpeg 792w, https:\/\/encuentroinformativo.com.mx\/wp-content\/uploads\/2022\/05\/13F1734E-746C-416C-A102-65B28F2D694F-232x300.jpeg 232w, https:\/\/encuentroinformativo.com.mx\/wp-content\/uploads\/2022\/05\/13F1734E-746C-416C-A102-65B28F2D694F-768x992.jpeg 768w, https:\/\/encuentroinformativo.com.mx\/wp-content\/uploads\/2022\/05\/13F1734E-746C-416C-A102-65B28F2D694F.jpeg 1037w\" sizes=\"auto, (max-width: 792px) 100vw, 792px\" \/><\/figure>\n","protected":false},"excerpt":{"rendered":"<p>Alejandro \u00c1vila Veracruz, Ver.- El pasado viernes, el gobernador, Cuitl\u00e1huac Garc\u00eda Jim\u00e9nez sostuvo una reuni\u00f3n con las c\u00e1maras empresariales de la zona conurbada Veracruz &#8211; Boca del R\u00edo, para platicar sobre los proyectos a futuro con el Aquarium del Puerto de Veracruz. En dicha reuni\u00f3n estuvo presente el secretario de Turismo, Iv\u00e1n Mart\u00ednez Olvera; secretar\u00eda [&hellip;]<\/p>\n","protected":false},"author":1,"featured_media":27572,"comment_status":"open","ping_status":"open","sticky":false,"template":"","format":"standard","meta":{"_jetpack_memberships_contains_paid_content":false,"footnotes":""},"categories":[2],"tags":[],"class_list":["post-27571","post","type-post","status-publish","format-standard","has-post-thumbnail","hentry","category-estado"],"jetpack_featured_media_url":"https:\/\/encuentroinformativo.com.mx\/wp-content\/uploads\/2022\/05\/13F1734E-746C-416C-A102-65B28F2D694F.jpeg","jetpack_sharing_enabled":true,"jetpack_likes_enabled":true,"amp_enabled":true,"_links":{"self":[{"href":"https:\/\/encuentroinformativo.com.mx\/index.php?rest_route=\/wp\/v2\/posts\/27571","targetHints":{"allow":["GET"]}}],"collection":[{"href":"https:\/\/encuentroinformativo.com.mx\/index.php?rest_route=\/wp\/v2\/posts"}],"about":[{"href":"https:\/\/encuentroinformativo.com.mx\/index.php?rest_route=\/wp\/v2\/types\/post"}],"author":[{"embeddable":true,"href":"https:\/\/encuentroinformativo.com.mx\/index.php?rest_route=\/wp\/v2\/users\/1"}],"replies":[{"embeddable":true,"href":"https:\/\/encuentroinformativo.com.mx\/index.php?rest_route=%2Fwp%2Fv2%2Fcomments&post=27571"}],"version-history":[{"count":1,"href":"https:\/\/encuentroinformativo.com.mx\/index.php?rest_route=\/wp\/v2\/posts\/27571\/revisions"}],"predecessor-version":[{"id":27573,"href":"https:\/\/encuentroinformativo.com.mx\/index.php?rest_route=\/wp\/v2\/posts\/27571\/revisions\/27573"}],"wp:featuredmedia":[{"embeddable":true,"href":"https:\/\/encuentroinformativo.com.mx\/index.php?rest_route=\/wp\/v2\/media\/27572"}],"wp:attachment":[{"href":"https:\/\/encuentroinformativo.com.mx\/index.php?rest_route=%2Fwp%2Fv2%2Fmedia&parent=27571"}],"wp:term":[{"taxonomy":"category","embeddable":true,"href":"https:\/\/encuentroinformativo.com.mx\/index.php?rest_route=%2Fwp%2Fv2%2Fcategories&post=27571"},{"taxonomy":"post_tag","embeddable":true,"href":"https:\/\/encuentroinformativo.com.mx\/index.php?rest_route=%2Fwp%2Fv2%2Ftags&post=27571"}],"curies":[{"name":"wp","href":"https:\/\/api.w.org\/{rel}","templated":true}]}}