{"id":27574,"date":"2022-05-23T12:06:39","date_gmt":"2022-05-23T17:06:39","guid":{"rendered":"https:\/\/encuentroinformativo.com.mx\/?p=27574"},"modified":"2022-05-23T12:06:42","modified_gmt":"2022-05-23T17:06:42","slug":"descarta-pc-alvarado-inundacion-en-anton-lizardo","status":"publish","type":"post","link":"https:\/\/encuentroinformativo.com.mx\/?p=27574","title":{"rendered":"Descarta PC Alvarado inundaci\u00f3n en Ant\u00f3n Lizardo"},"content":{"rendered":"\n<p><strong>Alejandro \u00c1vila<\/strong><\/p>\n\n\n\n<p>Alvarado, Ver.- El personal de Protecci\u00f3n Civil del municipio Alvarado, descart\u00f3 inundaci\u00f3n en la localidad de Ant\u00f3n Lizardo.<\/p>\n\n\n\n<p>Hay que mencionar que, la madrugada de este lunes se present\u00f3 una fuerte tromba la cual aument\u00f3 el nivel de agua en las calles al no encontrar desfogue.<\/p>\n\n\n\n<p>&#8220;Inundaci\u00f3n se considera arriba de 50 cent\u00edmetros el raz de piso, aqu\u00ed s\u00f3lo se dio 30 cent\u00edmetros, si hubo anegaciones, encharcamientos como tal, como tu sabras las caracter\u00edsticas del lugar de Ant\u00f3n, pues esto es a\u00f1o con a\u00f1o. Nosotros como Protecci\u00f3n Civil exhortamos a la poblaci\u00f3n a recoger basura, a no tirar basura&#8221;, coment\u00f3 el director de Protecci\u00f3n Civil, Daniel Eduardo Romero Pilar.<\/p>\n\n\n\n<p>El personal de Protecci\u00f3n Civil del Ayuntamiento de Alvarado ingres\u00f3 a la localidad de Ant\u00f3n Lizardo cerca de la 7 de la ma\u00f1ana, para iniciar con las labores de apoyo para mejorar las vialidades mediante la limpieza de tragatormentas.<\/p>\n\n\n\n<p>&#8220;Ahorita nosotros estamos desazolvando, como t\u00fa sabr\u00e1s est\u00e1 en bajo, y como hay parte arena, roca, pues qu\u00e9 pasa, con la corriente de la misma tromba hizo que tapara los traga tormentas, pero como tal, reporte preliminar, solo tengo lo que es una casa afectada, nada m\u00e1s hasta el momento, de hecho ando aqu\u00ed con la cuadrilla desde las 7 de la ma\u00f1ana&#8221;, destac\u00f3 Daniel Romero.<\/p>\n","protected":false},"excerpt":{"rendered":"<p>Alejandro \u00c1vila Alvarado, Ver.- El personal de Protecci\u00f3n Civil del municipio Alvarado, descart\u00f3 inundaci\u00f3n en la localidad de Ant\u00f3n Lizardo. Hay que mencionar que, la madrugada de este lunes se present\u00f3 una fuerte tromba la cual aument\u00f3 el nivel de agua en las calles al no encontrar desfogue. &#8220;Inundaci\u00f3n se considera arriba de 50 cent\u00edmetros [&hellip;]<\/p>\n","protected":false},"author":1,"featured_media":27575,"comment_status":"open","ping_status":"open","sticky":false,"template":"","format":"standard","meta":{"_jetpack_memberships_contains_paid_content":false,"footnotes":""},"categories":[2],"tags":[],"class_list":["post-27574","post","type-post","status-publish","format-standard","has-post-thumbnail","hentry","category-estado"],"jetpack_featured_media_url":"https:\/\/encuentroinformativo.com.mx\/wp-content\/uploads\/2022\/05\/10360C20-637C-481B-8298-AD99C10B400A.jpeg","jetpack_sharing_enabled":true,"jetpack_likes_enabled":true,"amp_enabled":true,"_links":{"self":[{"href":"https:\/\/encuentroinformativo.com.mx\/index.php?rest_route=\/wp\/v2\/posts\/27574","targetHints":{"allow":["GET"]}}],"collection":[{"href":"https:\/\/encuentroinformativo.com.mx\/index.php?rest_route=\/wp\/v2\/posts"}],"about":[{"href":"https:\/\/encuentroinformativo.com.mx\/index.php?rest_route=\/wp\/v2\/types\/post"}],"author":[{"embeddable":true,"href":"https:\/\/encuentroinformativo.com.mx\/index.php?rest_route=\/wp\/v2\/users\/1"}],"replies":[{"embeddable":true,"href":"https:\/\/encuentroinformativo.com.mx\/index.php?rest_route=%2Fwp%2Fv2%2Fcomments&post=27574"}],"version-history":[{"count":1,"href":"https:\/\/encuentroinformativo.com.mx\/index.php?rest_route=\/wp\/v2\/posts\/27574\/revisions"}],"predecessor-version":[{"id":27576,"href":"https:\/\/encuentroinformativo.com.mx\/index.php?rest_route=\/wp\/v2\/posts\/27574\/revisions\/27576"}],"wp:featuredmedia":[{"embeddable":true,"href":"https:\/\/encuentroinformativo.com.mx\/index.php?rest_route=\/wp\/v2\/media\/27575"}],"wp:attachment":[{"href":"https:\/\/encuentroinformativo.com.mx\/index.php?rest_route=%2Fwp%2Fv2%2Fmedia&parent=27574"}],"wp:term":[{"taxonomy":"category","embeddable":true,"href":"https:\/\/encuentroinformativo.com.mx\/index.php?rest_route=%2Fwp%2Fv2%2Fcategories&post=27574"},{"taxonomy":"post_tag","embeddable":true,"href":"https:\/\/encuentroinformativo.com.mx\/index.php?rest_route=%2Fwp%2Fv2%2Ftags&post=27574"}],"curies":[{"name":"wp","href":"https:\/\/api.w.org\/{rel}","templated":true}]}}