{"id":27579,"date":"2022-05-23T13:18:12","date_gmt":"2022-05-23T18:18:12","guid":{"rendered":"https:\/\/encuentroinformativo.com.mx\/?p=27579"},"modified":"2022-05-23T13:18:15","modified_gmt":"2022-05-23T18:18:15","slug":"en-xalapa-marchan-por-busqueda-de-viridiana","status":"publish","type":"post","link":"https:\/\/encuentroinformativo.com.mx\/?p=27579","title":{"rendered":"En Xalapa, marchan por b\u00fasqueda de Viridiana"},"content":{"rendered":"\n<p><strong>Juan Arcos<\/strong><\/p>\n\n\n\n<p>Xalapa, Ver.- Familiares y amigos de Viridiana Moreno V\u00e1squez protestaron en la ciudad de Xalapa, para exigir a las autoridades que agilicen la b\u00fasqueda de la joven, quien desapareci\u00f3 desde el pasado mi\u00e9rcoles 18 de mayo en ciudad Cardel, municipio de La Antigua.<\/p>\n\n\n\n<p>Las personas se concentraron en el Teatro del Estado \u201cIgnacio de la Llave\u201d para posteriormente marchar hacia el Palacio de Gobierno.<\/p>\n\n\n\n<p>La chica, de 31 a\u00f1os, desapareci\u00f3 en Cardel cuando se dirig\u00eda al hotel \u201cBienvenido\u201d para una entrevista de trabajo como recepcionista; sin embargo, hasta el momento se desconoce si lleg\u00f3 a su destino.<\/p>\n\n\n\n<p>Viridiana viv\u00eda con su familia en Cardel, pero es originaria de Tlaltetela. Fue vista por \u00faltima vez a las cuatro de la tarde del mi\u00e9rcoles pasado, presuntamente a bordo de su motoneta, color azul.<\/p>\n\n\n\n<p>Sus seres queridos exigieron a la Fiscal\u00eda General del Estado (FGE) y al Gobierno de Veracruz que den a conocer el porqu\u00e9 hab\u00edan informado que Viridiana estaba en resguardo, pues aseguraron que es una madre responsable y rechazaron rotundamente que sea delincuente.<\/p>\n\n\n\n<p>\u201cQueremos a Viri, queremos que la Fiscal\u00eda haga lo suyo, queremos las grabaciones de las c\u00e1maras del hotel, que respondan r\u00e1pido porque la paciencia se agota\u201d, expresaron.<\/p>\n\n\n\n<p>De acuerdo con Mar\u00eda de Jes\u00fas Capetillo L\u00f3pez, familiar de Viridiana, continuar\u00e1n manifest\u00e1ndose en distintos puntos de la entidad veracruzana hasta que la joven aparezca.<\/p>\n\n\n\n<p>\u201cEstamos exigiendo que aparezca porque ella solamente iba a buscar un trabajo y no regres\u00f3 a casa y la Fiscal\u00eda no ha hecho nada y el Gobernador todav\u00eda declar\u00f3 que no estaba secuestrada, que estaba resguardada\u201d, enfatiz\u00f3.<\/p>\n\n\n\n<p>Tambi\u00e9n demandaron al hotel \u201cBienvenido\u201d que muestre las grabaciones de las c\u00e1maras de videovigilancia para saber si Viridiana lleg\u00f3 a su destino.<\/p>\n\n\n\n<figure class=\"wp-block-image size-large\"><img loading=\"lazy\" decoding=\"async\" width=\"1024\" height=\"576\" src=\"https:\/\/encuentroinformativo.com.mx\/wp-content\/uploads\/2022\/05\/C0F2D568-BDB9-497C-8414-BF582AFB68B3-1024x576.jpeg\" alt=\"\" class=\"wp-image-27581\" srcset=\"https:\/\/encuentroinformativo.com.mx\/wp-content\/uploads\/2022\/05\/C0F2D568-BDB9-497C-8414-BF582AFB68B3-1024x576.jpeg 1024w, https:\/\/encuentroinformativo.com.mx\/wp-content\/uploads\/2022\/05\/C0F2D568-BDB9-497C-8414-BF582AFB68B3-300x169.jpeg 300w, https:\/\/encuentroinformativo.com.mx\/wp-content\/uploads\/2022\/05\/C0F2D568-BDB9-497C-8414-BF582AFB68B3-768x432.jpeg 768w, https:\/\/encuentroinformativo.com.mx\/wp-content\/uploads\/2022\/05\/C0F2D568-BDB9-497C-8414-BF582AFB68B3-1536x864.jpeg 1536w, https:\/\/encuentroinformativo.com.mx\/wp-content\/uploads\/2022\/05\/C0F2D568-BDB9-497C-8414-BF582AFB68B3.jpeg 1760w\" sizes=\"auto, (max-width: 1024px) 100vw, 1024px\" \/><\/figure>\n","protected":false},"excerpt":{"rendered":"<p>Juan Arcos Xalapa, Ver.- Familiares y amigos de Viridiana Moreno V\u00e1squez protestaron en la ciudad de Xalapa, para exigir a las autoridades que agilicen la b\u00fasqueda de la joven, quien desapareci\u00f3 desde el pasado mi\u00e9rcoles 18 de mayo en ciudad Cardel, municipio de La Antigua. Las personas se concentraron en el Teatro del Estado \u201cIgnacio [&hellip;]<\/p>\n","protected":false},"author":1,"featured_media":27580,"comment_status":"open","ping_status":"open","sticky":false,"template":"","format":"standard","meta":{"_jetpack_memberships_contains_paid_content":false,"footnotes":""},"categories":[3],"tags":[],"class_list":["post-27579","post","type-post","status-publish","format-standard","has-post-thumbnail","hentry","category-xalapa"],"jetpack_featured_media_url":"https:\/\/encuentroinformativo.com.mx\/wp-content\/uploads\/2022\/05\/923C535B-FB72-41C4-9DEF-CDDC65B496B1.jpeg","jetpack_sharing_enabled":true,"jetpack_likes_enabled":true,"amp_enabled":true,"_links":{"self":[{"href":"https:\/\/encuentroinformativo.com.mx\/index.php?rest_route=\/wp\/v2\/posts\/27579","targetHints":{"allow":["GET"]}}],"collection":[{"href":"https:\/\/encuentroinformativo.com.mx\/index.php?rest_route=\/wp\/v2\/posts"}],"about":[{"href":"https:\/\/encuentroinformativo.com.mx\/index.php?rest_route=\/wp\/v2\/types\/post"}],"author":[{"embeddable":true,"href":"https:\/\/encuentroinformativo.com.mx\/index.php?rest_route=\/wp\/v2\/users\/1"}],"replies":[{"embeddable":true,"href":"https:\/\/encuentroinformativo.com.mx\/index.php?rest_route=%2Fwp%2Fv2%2Fcomments&post=27579"}],"version-history":[{"count":1,"href":"https:\/\/encuentroinformativo.com.mx\/index.php?rest_route=\/wp\/v2\/posts\/27579\/revisions"}],"predecessor-version":[{"id":27582,"href":"https:\/\/encuentroinformativo.com.mx\/index.php?rest_route=\/wp\/v2\/posts\/27579\/revisions\/27582"}],"wp:featuredmedia":[{"embeddable":true,"href":"https:\/\/encuentroinformativo.com.mx\/index.php?rest_route=\/wp\/v2\/media\/27580"}],"wp:attachment":[{"href":"https:\/\/encuentroinformativo.com.mx\/index.php?rest_route=%2Fwp%2Fv2%2Fmedia&parent=27579"}],"wp:term":[{"taxonomy":"category","embeddable":true,"href":"https:\/\/encuentroinformativo.com.mx\/index.php?rest_route=%2Fwp%2Fv2%2Fcategories&post=27579"},{"taxonomy":"post_tag","embeddable":true,"href":"https:\/\/encuentroinformativo.com.mx\/index.php?rest_route=%2Fwp%2Fv2%2Ftags&post=27579"}],"curies":[{"name":"wp","href":"https:\/\/api.w.org\/{rel}","templated":true}]}}