{"id":27586,"date":"2022-05-23T13:38:38","date_gmt":"2022-05-23T18:38:38","guid":{"rendered":"https:\/\/encuentroinformativo.com.mx\/?p=27586"},"modified":"2022-05-23T13:38:42","modified_gmt":"2022-05-23T18:38:42","slug":"reclama-diputado-distribuir-medicamentos-oncologicos","status":"publish","type":"post","link":"https:\/\/encuentroinformativo.com.mx\/?p=27586","title":{"rendered":"Reclama diputado distribuir medicamentos oncol\u00f3gicos"},"content":{"rendered":"\n<p><strong>Dar\u00edo Pale<\/strong><\/p>\n\n\n\n<p>Xalapa, Ver.- El diputado federal del Partido de le Revoluci\u00f3n Democr\u00e1tica (PRD), Jes\u00fas Alberto Vel\u00e1zquez Flores, exige distribuci\u00f3n inmediata de medicamentos oncol\u00f3gicos, acus\u00f3 que el gobernador Cuitl\u00e1huac Garc\u00eda cometi\u00f3 el mismo error que Javier Duarte al no garantizar una responsable atenci\u00f3n de salud.<\/p>\n\n\n\n<p>En entrevista el diputado, critic\u00f3 la falta de distribuci\u00f3n de medicamentos oncol\u00f3gicos en Veracruz, pues dijo se pone en riesgo a las y los pacientes con c\u00e1ncer y si bien se despidi\u00f3 a Roberto Ramos Alor de la Secretar\u00eda de Salud Estatal esa no es una soluci\u00f3n a la opacidad e ineficacia que se ha tenido en el reparto de los tratamientos.<\/p>\n\n\n\n<p>&#8220;Hoy no hay las respuesta del gobierno m\u00e1s que correr al exsecretario de salud cuando deber\u00edan de estar inciando una investigaci\u00f3n y deber\u00eda de estar tras las rejas por ser un criminal Ramos Alor y obviamente su jefe inmediato que es Cuitl\u00e1huac Garc\u00eda para all\u00e1 va, yo creo es muy lamentable lo que pasa en Veracruz&#8221;, se\u00f1al\u00f3.<\/p>\n\n\n\n<p>Vel\u00e1zquez Flores, dijo que el gobierno de Cuitl\u00e1huac Garc\u00eda correr\u00e1 la misma suerte que con Javier Duarte, quien hay que recordar fue fuertemente criticado por la Cuarta Transformaci\u00f3n , pues se inyect\u00f3 a ni\u00f1os y ni\u00f1as enfermas de c\u00e1ncer com agua destilada, en lugar de tratamiento oncol\u00f3gico.<\/p>\n\n\n\n<p>&#8220;Hizo campa\u00f1a para llegar a la gubernatura, precisamente hizo de estos errores que hab\u00eda cometido el gobierno de Javier Duarte y que hab\u00eda cometido, ten\u00eda que estar en la c\u00e1rcel y que era inhumano lo que hab\u00eda hecho, y pues \u00e9l cay\u00f3 en lo mismo a final de cuentas&#8221;, coment\u00f3.<\/p>\n\n\n\n<p>&#8220;Yo creo que es un tema lamentable que tanto se ha hablado (&#8230;) de lo que este gobierno deber\u00eda de ser y que no ser\u00edan corruptos y que se preocupan por la gente, bueno, ah\u00ed est\u00e1 el resultado, ah\u00ed est\u00e1 un gabinete creado expresamente para Cuitl\u00e1huac Garc\u00eda&#8221;, agreg\u00f3.<\/p>\n\n\n\n<p>El legislador federal del PRD insisti\u00f3 en que se deben de tomar las acciones legales correspondientes, pues al ser omisos con la salud de las y los veracruzanos es considerado un delito. Incluso, habl\u00f3 que el gobernador debe de salir a dar la cara a las y los enfermos de c\u00e1ncer y explicar el porqu\u00e9 el medicamento no se distribuy\u00f3.<\/p>\n\n\n\n<p>&#8220;Este gobierno correr\u00e1 la misma suerte que la de Javier Duarte, seguramente y pues a esperar y a darle una explicaci\u00f3n, tendr\u00eda que salir a darle una explicaci\u00f3n a los veracruzanos, a decirles c\u00f3mo va a componer esta situaci\u00f3n de los medicamentos caducos, cu\u00e1nta gente se qued\u00f3 sin medicamentos por esta falta de capacidad de Ramos Alor de poder distribuirlos por esta negligencia tras otros y de ineficaz; el gobernador hoy deber\u00eda de dar la cara y estar diciendo como deber\u00eda de remediarlo como va a castigar a esos delincuentes y de qu\u00e9 manera se van a reponer esos medicamentos&#8221;, asegur\u00f3.<\/p>\n\n\n\n<p>Cabe mencionar que el Insabi report\u00f3 resultados de la visita de supervisi\u00f3n al almac\u00e9n central de abasto en Xalapa y al Hospital de Alta Especialidad de Veracruz, realizada el pasado mi\u00e9rcoles 4 de mayo.<br>Finalmente se\u00f1al\u00f3 que de esa visita detall\u00f3 que tan s\u00f3lo en el almac\u00e9n de la central de abasto de Xalapa, se encontraron 884 mil 822 piezas de medicamentos con caducidad menor a nueve meses, mientras que en la Torre Pediatrica se tiene un reporte de que se tiene almacenados antibi\u00f3ticos, antihistam\u00ednicos y todas las claves oncol\u00f3gicas requeridas, as\u00ed como todos los medicamentos de soporte.<\/p>\n","protected":false},"excerpt":{"rendered":"<p>Dar\u00edo Pale Xalapa, Ver.- El diputado federal del Partido de le Revoluci\u00f3n Democr\u00e1tica (PRD), Jes\u00fas Alberto Vel\u00e1zquez Flores, exige distribuci\u00f3n inmediata de medicamentos oncol\u00f3gicos, acus\u00f3 que el gobernador Cuitl\u00e1huac Garc\u00eda cometi\u00f3 el mismo error que Javier Duarte al no garantizar una responsable atenci\u00f3n de salud. En entrevista el diputado, critic\u00f3 la falta de distribuci\u00f3n de [&hellip;]<\/p>\n","protected":false},"author":1,"featured_media":27587,"comment_status":"open","ping_status":"open","sticky":false,"template":"","format":"standard","meta":{"_jetpack_memberships_contains_paid_content":false,"footnotes":""},"categories":[9],"tags":[],"class_list":["post-27586","post","type-post","status-publish","format-standard","has-post-thumbnail","hentry","category-salud"],"jetpack_featured_media_url":"https:\/\/encuentroinformativo.com.mx\/wp-content\/uploads\/2022\/05\/E62064C9-B199-410C-855A-9C487A16C015.jpeg","jetpack_sharing_enabled":true,"jetpack_likes_enabled":true,"amp_enabled":true,"_links":{"self":[{"href":"https:\/\/encuentroinformativo.com.mx\/index.php?rest_route=\/wp\/v2\/posts\/27586","targetHints":{"allow":["GET"]}}],"collection":[{"href":"https:\/\/encuentroinformativo.com.mx\/index.php?rest_route=\/wp\/v2\/posts"}],"about":[{"href":"https:\/\/encuentroinformativo.com.mx\/index.php?rest_route=\/wp\/v2\/types\/post"}],"author":[{"embeddable":true,"href":"https:\/\/encuentroinformativo.com.mx\/index.php?rest_route=\/wp\/v2\/users\/1"}],"replies":[{"embeddable":true,"href":"https:\/\/encuentroinformativo.com.mx\/index.php?rest_route=%2Fwp%2Fv2%2Fcomments&post=27586"}],"version-history":[{"count":1,"href":"https:\/\/encuentroinformativo.com.mx\/index.php?rest_route=\/wp\/v2\/posts\/27586\/revisions"}],"predecessor-version":[{"id":27588,"href":"https:\/\/encuentroinformativo.com.mx\/index.php?rest_route=\/wp\/v2\/posts\/27586\/revisions\/27588"}],"wp:featuredmedia":[{"embeddable":true,"href":"https:\/\/encuentroinformativo.com.mx\/index.php?rest_route=\/wp\/v2\/media\/27587"}],"wp:attachment":[{"href":"https:\/\/encuentroinformativo.com.mx\/index.php?rest_route=%2Fwp%2Fv2%2Fmedia&parent=27586"}],"wp:term":[{"taxonomy":"category","embeddable":true,"href":"https:\/\/encuentroinformativo.com.mx\/index.php?rest_route=%2Fwp%2Fv2%2Fcategories&post=27586"},{"taxonomy":"post_tag","embeddable":true,"href":"https:\/\/encuentroinformativo.com.mx\/index.php?rest_route=%2Fwp%2Fv2%2Ftags&post=27586"}],"curies":[{"name":"wp","href":"https:\/\/api.w.org\/{rel}","templated":true}]}}