{"id":27592,"date":"2022-05-23T13:54:53","date_gmt":"2022-05-23T18:54:53","guid":{"rendered":"https:\/\/encuentroinformativo.com.mx\/?p=27592"},"modified":"2022-05-23T13:54:56","modified_gmt":"2022-05-23T18:54:56","slug":"por-escuela-sin-luz-y-agua-se-manifiestan-en-sede-de-bienestar-en-poza-rica","status":"publish","type":"post","link":"https:\/\/encuentroinformativo.com.mx\/?p=27592","title":{"rendered":"Por escuela sin luz y agua se manifiestan en sede de Bienestar en Poza Rica"},"content":{"rendered":"\n<p><strong>Alejandro \u00c1vila<\/strong><\/p>\n\n\n\n<p>Poza Rica, Ver.- Padres de alumnos de la primaria &#8220;Adolfo Ruiz Cortines&#8221; se manifestaron en la sede de la Secretar\u00eda de Bienestar en el municipio de Poza Rica, debido a que el plantel educativo no cuenta con luz y agua.<\/p>\n\n\n\n<p>Durante horas se bloqueo la circulaci\u00f3n en la calle \u00c1lamo de la colonia Palma Sola, ya que los quejosos aseguraron no cuentan con energ\u00eda el\u00e9ctrica desde hace varios d\u00edas, agua potable, y esto repercute en la higiene de los alumnos.<\/p>\n\n\n\n<p>Los habitantes, en su mayor\u00eda de la colonia Fraternidad Antorchista mencionaron que, el plantel educativo no est\u00e1 adherido al subsidio de luz qu\u00e9 da el Gobierno del Estado, por lo que son los padres de familia qui\u00e9nes deben de pagar el servicio a Comisi\u00f3n Federal de Electricidad&nbsp; (CFE), y al ser un cobro muy alto, no pudieron liquidar el \u00faltimo recibo, por lo que les fue suspendida el servicio.<\/p>\n\n\n\n<p>De la misma manera, les ha sido imposible cubrir en \u00faltimas fechas el pago de pipas que surtan de agua para poder limpiar los sanitarios y salones del plantel educativo.<\/p>\n\n\n\n<p>Los manifestantes solicitaron tambi\u00e9n el apoyo de la Secretar\u00eda de Bienestar para que a los peque\u00f1os se les adhiera al pago de alguna becas, pues por falta de recursos, muchos de ellos han tenido que abandonar los estudios; igualmente pidieron que su escuela se integre al programa &#8220;La Escuela es Nuestra&#8221;, con la finalidad de obtener recursos Federal para la mejora general de la instituci\u00f3n.<\/p>\n","protected":false},"excerpt":{"rendered":"<p>Alejandro \u00c1vila Poza Rica, Ver.- Padres de alumnos de la primaria &#8220;Adolfo Ruiz Cortines&#8221; se manifestaron en la sede de la Secretar\u00eda de Bienestar en el municipio de Poza Rica, debido a que el plantel educativo no cuenta con luz y agua. Durante horas se bloqueo la circulaci\u00f3n en la calle \u00c1lamo de la colonia [&hellip;]<\/p>\n","protected":false},"author":1,"featured_media":27593,"comment_status":"open","ping_status":"open","sticky":false,"template":"","format":"standard","meta":{"_jetpack_memberships_contains_paid_content":false,"footnotes":""},"categories":[2],"tags":[],"class_list":["post-27592","post","type-post","status-publish","format-standard","has-post-thumbnail","hentry","category-estado"],"jetpack_featured_media_url":"https:\/\/encuentroinformativo.com.mx\/wp-content\/uploads\/2022\/05\/CA618A18-2B9D-4288-8E1F-BF21DC025D76.jpeg","jetpack_sharing_enabled":true,"jetpack_likes_enabled":true,"amp_enabled":true,"_links":{"self":[{"href":"https:\/\/encuentroinformativo.com.mx\/index.php?rest_route=\/wp\/v2\/posts\/27592","targetHints":{"allow":["GET"]}}],"collection":[{"href":"https:\/\/encuentroinformativo.com.mx\/index.php?rest_route=\/wp\/v2\/posts"}],"about":[{"href":"https:\/\/encuentroinformativo.com.mx\/index.php?rest_route=\/wp\/v2\/types\/post"}],"author":[{"embeddable":true,"href":"https:\/\/encuentroinformativo.com.mx\/index.php?rest_route=\/wp\/v2\/users\/1"}],"replies":[{"embeddable":true,"href":"https:\/\/encuentroinformativo.com.mx\/index.php?rest_route=%2Fwp%2Fv2%2Fcomments&post=27592"}],"version-history":[{"count":1,"href":"https:\/\/encuentroinformativo.com.mx\/index.php?rest_route=\/wp\/v2\/posts\/27592\/revisions"}],"predecessor-version":[{"id":27594,"href":"https:\/\/encuentroinformativo.com.mx\/index.php?rest_route=\/wp\/v2\/posts\/27592\/revisions\/27594"}],"wp:featuredmedia":[{"embeddable":true,"href":"https:\/\/encuentroinformativo.com.mx\/index.php?rest_route=\/wp\/v2\/media\/27593"}],"wp:attachment":[{"href":"https:\/\/encuentroinformativo.com.mx\/index.php?rest_route=%2Fwp%2Fv2%2Fmedia&parent=27592"}],"wp:term":[{"taxonomy":"category","embeddable":true,"href":"https:\/\/encuentroinformativo.com.mx\/index.php?rest_route=%2Fwp%2Fv2%2Fcategories&post=27592"},{"taxonomy":"post_tag","embeddable":true,"href":"https:\/\/encuentroinformativo.com.mx\/index.php?rest_route=%2Fwp%2Fv2%2Ftags&post=27592"}],"curies":[{"name":"wp","href":"https:\/\/api.w.org\/{rel}","templated":true}]}}