{"id":27595,"date":"2022-05-23T13:58:55","date_gmt":"2022-05-23T18:58:55","guid":{"rendered":"https:\/\/encuentroinformativo.com.mx\/?p=27595"},"modified":"2022-05-23T13:58:58","modified_gmt":"2022-05-23T18:58:58","slug":"inauguran-en-el-congreso-del-estado-la-semana-de-la-contaduria-2022","status":"publish","type":"post","link":"https:\/\/encuentroinformativo.com.mx\/?p=27595","title":{"rendered":"Inauguran en el Congreso del Estado la Semana de la Contadur\u00eda 2022"},"content":{"rendered":"\n<p><strong>*En este primer d\u00eda participa el secretario de Fiscalizaci\u00f3n de este Poder Legislativo, Everardo Dom\u00ednguez Landa, con la ponencia El contador p\u00fablico certificado y la fiscalizaci\u00f3n superior.<\/strong><\/p>\n\n\n\n<p>Xalapa, Ver.- En el auditorio Sebasti\u00e1n Lerdo de Tejada del Palacio Legislativo de Veracruz, fue inaugurada la Semana de la Contadur\u00eda 2022, organizada por el Colegio de Contadores P\u00fablicos de Xalapa, A.C., que constar\u00e1 de distintas conferencias sobre la materia y servir\u00e1 tambi\u00e9n como espacio de expresi\u00f3n y debate.<\/p>\n\n\n\n<p>El titular de la Secretar\u00eda de Fiscalizaci\u00f3n de la LXVI Legislatura estatal, Everardo Dom\u00ednguez Landa, ante la presencia del presidente del Colegio de Contadores P\u00fablicos de Xalapa, A.C., Carlos Mart\u00ednez Merino, particip\u00f3 con la ponencia El contador p\u00fablico certificado y la fiscalizaci\u00f3n superior.<\/p>\n\n\n\n<p>En su pl\u00e1tica, el servidor p\u00fablico habl\u00f3 de las funciones que realizan los contadores p\u00fablicos certificados, la importancia del conocimiento de la legislaci\u00f3n vigente y la tarea primordial que tienen estos profesionales en la elaboraci\u00f3n de las cuentas p\u00fablicas, entre otros.<\/p>\n\n\n\n<p>Asistieron la subsecretaria de Ingresos de la Secretar\u00eda de Finanzas y Planeaci\u00f3n del estado (Sefiplan), Ana Mar\u00eda Pozos Garc\u00eda; la directora de Auditor\u00eda del Congreso del Estado, Mar\u00eda del Carmen Morales Ramos, y el vicepresidente general del Colegio de Contadores P\u00fablicos de Xalapa A.C., Javier Cruz Salas, as\u00ed como invitados especiales y contadores p\u00fablicos de la entidad.<\/p>\n\n\n\n<h1 class=\"wp-block-heading\"><\/h1>\n","protected":false},"excerpt":{"rendered":"<p>*En este primer d\u00eda participa el secretario de Fiscalizaci\u00f3n de este Poder Legislativo, Everardo Dom\u00ednguez Landa, con la ponencia El contador p\u00fablico certificado y la fiscalizaci\u00f3n superior. Xalapa, Ver.- En el auditorio Sebasti\u00e1n Lerdo de Tejada del Palacio Legislativo de Veracruz, fue inaugurada la Semana de la Contadur\u00eda 2022, organizada por el Colegio de Contadores [&hellip;]<\/p>\n","protected":false},"author":1,"featured_media":27596,"comment_status":"open","ping_status":"open","sticky":false,"template":"","format":"standard","meta":{"_jetpack_memberships_contains_paid_content":false,"footnotes":""},"categories":[2],"tags":[],"class_list":["post-27595","post","type-post","status-publish","format-standard","has-post-thumbnail","hentry","category-estado"],"jetpack_featured_media_url":"https:\/\/encuentroinformativo.com.mx\/wp-content\/uploads\/2022\/05\/75E50C4C-2820-4417-9892-5CF7692A41B1.jpeg","jetpack_sharing_enabled":true,"jetpack_likes_enabled":true,"amp_enabled":true,"_links":{"self":[{"href":"https:\/\/encuentroinformativo.com.mx\/index.php?rest_route=\/wp\/v2\/posts\/27595","targetHints":{"allow":["GET"]}}],"collection":[{"href":"https:\/\/encuentroinformativo.com.mx\/index.php?rest_route=\/wp\/v2\/posts"}],"about":[{"href":"https:\/\/encuentroinformativo.com.mx\/index.php?rest_route=\/wp\/v2\/types\/post"}],"author":[{"embeddable":true,"href":"https:\/\/encuentroinformativo.com.mx\/index.php?rest_route=\/wp\/v2\/users\/1"}],"replies":[{"embeddable":true,"href":"https:\/\/encuentroinformativo.com.mx\/index.php?rest_route=%2Fwp%2Fv2%2Fcomments&post=27595"}],"version-history":[{"count":1,"href":"https:\/\/encuentroinformativo.com.mx\/index.php?rest_route=\/wp\/v2\/posts\/27595\/revisions"}],"predecessor-version":[{"id":27597,"href":"https:\/\/encuentroinformativo.com.mx\/index.php?rest_route=\/wp\/v2\/posts\/27595\/revisions\/27597"}],"wp:featuredmedia":[{"embeddable":true,"href":"https:\/\/encuentroinformativo.com.mx\/index.php?rest_route=\/wp\/v2\/media\/27596"}],"wp:attachment":[{"href":"https:\/\/encuentroinformativo.com.mx\/index.php?rest_route=%2Fwp%2Fv2%2Fmedia&parent=27595"}],"wp:term":[{"taxonomy":"category","embeddable":true,"href":"https:\/\/encuentroinformativo.com.mx\/index.php?rest_route=%2Fwp%2Fv2%2Fcategories&post=27595"},{"taxonomy":"post_tag","embeddable":true,"href":"https:\/\/encuentroinformativo.com.mx\/index.php?rest_route=%2Fwp%2Fv2%2Ftags&post=27595"}],"curies":[{"name":"wp","href":"https:\/\/api.w.org\/{rel}","templated":true}]}}