{"id":27600,"date":"2022-05-23T14:51:16","date_gmt":"2022-05-23T19:51:16","guid":{"rendered":"https:\/\/encuentroinformativo.com.mx\/?p=27600"},"modified":"2022-05-23T14:51:20","modified_gmt":"2022-05-23T19:51:20","slug":"no-es-descabellado-federalizar-la-nomina-docente-senala-zenyazen","status":"publish","type":"post","link":"https:\/\/encuentroinformativo.com.mx\/?p=27600","title":{"rendered":"No es &#8220;descabellado&#8221; federalizar la n\u00f3mina docente, se\u00f1ala Zenyazen"},"content":{"rendered":"\n<p><strong>Alejandro \u00c1vila<\/strong><\/p>\n\n\n\n<p>Boca del R\u00edo, Ver.- La propuesta para federalizar la n\u00f3mina de docentes en Veracruz no es descabellada, se\u00f1al\u00f3 el secretario de Educacion, Zenyazen Escobar Garc\u00eda; aunque reconoci\u00f3 habr\u00e1 que revisar los t\u00e9rminos en que se busque realizar el cambio.<\/p>\n\n\n\n<p>El funcionario Estatal reconoci\u00f3 que les es complicado a\u00f1o con a\u00f1o cumplir con los 4 mil millones de pesos de pago de aguinaldos a maestros.<\/p>\n\n\n\n<p>S\u00ed bien tiene conocimiento de las protestas del gremio magisterial, qui\u00e9nes rechazan esta idea asegur\u00f3 que, se analizar\u00e1n todas las vertientes, pues un punto importante es, saber el acuerdo en el que quedar\u00e1n con el Instituto de Pensiones del Estado de Veracruz.<\/p>\n\n\n\n<p>\u201cNosotros como Gobierno del Estado y como patr\u00f3n, el que te absorba ya la n\u00f3mina es una situaci\u00f3n que est\u00e1s con tranquilidad, porque te est\u00e1s tronando los dedos en diciembre para completar los salarios de las compa\u00f1eras y compa\u00f1eros, el aguinaldo, imag\u00ednense que no pag\u00e1ramos a los compa\u00f1eras y compa\u00f1eros maestros arder\u00eda Troya\u201d.<\/p>\n\n\n\n<p>Escobar Garc\u00eda dijo que, el magisterio aporta el 80 por ciento de los ingresos del IPE, y en caso de federalizar la n\u00f3mina todo tendr\u00eda que pasar al ISSSTE.<\/p>\n\n\n\n<p>En otro tema, este lunes por la ma\u00f1ana el secretario de Educaci\u00f3n, Zenyazen Escobar Garc\u00eda, entreg\u00f3 un recurso de m\u00e1s de un mill\u00f3n y medio de pesos a los atletas veracruzanos que participar\u00e1n en los juegos nacionales CONADE, que se llevar\u00e1n a cabo en el Pac\u00edfico mexicano.<\/p>\n\n\n\n<p>Este lunes por la tarde ser\u00e1 el gobernador Cuitl\u00e1huac Garc\u00eda Jim\u00e9nez qui\u00e9n abandere delegaci\u00f3n de Veracruz, la cual est\u00e1 conformada por m\u00e1s de 950 atletas, que participar\u00e1n en m\u00e1s de 30 disciplinas.<\/p>\n","protected":false},"excerpt":{"rendered":"<p>Alejandro \u00c1vila Boca del R\u00edo, Ver.- La propuesta para federalizar la n\u00f3mina de docentes en Veracruz no es descabellada, se\u00f1al\u00f3 el secretario de Educacion, Zenyazen Escobar Garc\u00eda; aunque reconoci\u00f3 habr\u00e1 que revisar los t\u00e9rminos en que se busque realizar el cambio. El funcionario Estatal reconoci\u00f3 que les es complicado a\u00f1o con a\u00f1o cumplir con los [&hellip;]<\/p>\n","protected":false},"author":1,"featured_media":27601,"comment_status":"open","ping_status":"open","sticky":false,"template":"","format":"standard","meta":{"_jetpack_memberships_contains_paid_content":false,"footnotes":""},"categories":[2],"tags":[],"class_list":["post-27600","post","type-post","status-publish","format-standard","has-post-thumbnail","hentry","category-estado"],"jetpack_featured_media_url":"https:\/\/encuentroinformativo.com.mx\/wp-content\/uploads\/2022\/05\/648AAF06-EA67-430A-BB20-5FC6AB43F5A2.jpeg","jetpack_sharing_enabled":true,"jetpack_likes_enabled":true,"amp_enabled":true,"_links":{"self":[{"href":"https:\/\/encuentroinformativo.com.mx\/index.php?rest_route=\/wp\/v2\/posts\/27600","targetHints":{"allow":["GET"]}}],"collection":[{"href":"https:\/\/encuentroinformativo.com.mx\/index.php?rest_route=\/wp\/v2\/posts"}],"about":[{"href":"https:\/\/encuentroinformativo.com.mx\/index.php?rest_route=\/wp\/v2\/types\/post"}],"author":[{"embeddable":true,"href":"https:\/\/encuentroinformativo.com.mx\/index.php?rest_route=\/wp\/v2\/users\/1"}],"replies":[{"embeddable":true,"href":"https:\/\/encuentroinformativo.com.mx\/index.php?rest_route=%2Fwp%2Fv2%2Fcomments&post=27600"}],"version-history":[{"count":1,"href":"https:\/\/encuentroinformativo.com.mx\/index.php?rest_route=\/wp\/v2\/posts\/27600\/revisions"}],"predecessor-version":[{"id":27602,"href":"https:\/\/encuentroinformativo.com.mx\/index.php?rest_route=\/wp\/v2\/posts\/27600\/revisions\/27602"}],"wp:featuredmedia":[{"embeddable":true,"href":"https:\/\/encuentroinformativo.com.mx\/index.php?rest_route=\/wp\/v2\/media\/27601"}],"wp:attachment":[{"href":"https:\/\/encuentroinformativo.com.mx\/index.php?rest_route=%2Fwp%2Fv2%2Fmedia&parent=27600"}],"wp:term":[{"taxonomy":"category","embeddable":true,"href":"https:\/\/encuentroinformativo.com.mx\/index.php?rest_route=%2Fwp%2Fv2%2Fcategories&post=27600"},{"taxonomy":"post_tag","embeddable":true,"href":"https:\/\/encuentroinformativo.com.mx\/index.php?rest_route=%2Fwp%2Fv2%2Ftags&post=27600"}],"curies":[{"name":"wp","href":"https:\/\/api.w.org\/{rel}","templated":true}]}}