{"id":27603,"date":"2022-05-23T15:56:40","date_gmt":"2022-05-23T20:56:40","guid":{"rendered":"https:\/\/encuentroinformativo.com.mx\/?p=27603"},"modified":"2022-05-23T15:56:44","modified_gmt":"2022-05-23T20:56:44","slug":"familiares-reclaman-avances-en-localizacion-de-viridiana-moreno","status":"publish","type":"post","link":"https:\/\/encuentroinformativo.com.mx\/?p=27603","title":{"rendered":"Familiares reclaman avances en localizaci\u00f3n de Viridiana Moreno"},"content":{"rendered":"\n<p><strong>Dar\u00edo Pale<\/strong><\/p>\n\n\n\n<p>Xalapa, Ver.- Amigos y familiares de Viridiana marchan y bloquean la calle de Enr\u00edquez para exigir exigir respuesta por su desaparici\u00f3n ya que no hay avances ya que el Gobernador dijo que estaba resguardada, preguntan \u00bfd\u00f3nde est\u00e1?<\/p>\n\n\n\n<p>En entrevista, el padre de Viridiana, Enrique Moreno Marini, expres\u00f3 con l\u00e1grimas en los ojos, que no quiere m\u00e1s di\u00e1logo con el ejecutivo del Estado, s\u00f3lo quiere tener di\u00e1logo con el presidente Andr\u00e9s Manuel L\u00f3pez Obrador.<br>\u00a0<br>&#8220;Porque ya le di su tiempo y como \u00e9l lo dijo, que la ten\u00eda en resguardo, le dije que me la entregara, que no hay mejor resguardo que con sus padres, ya no lo quiero, quiero al Presidente&#8221;, expres\u00f3.<\/p>\n\n\n\n<p>&#8220;Cuitl\u00e1huac, escucha, Tlaltetela est\u00e1 en la lucha. Viva se la llevaron, viva la queremos. Libres y vivas no resguardadas!&#8221;, exigieron a lo largo de su trayecto sus amigos y familiares durante su camino al centro de la capital.<\/p>\n\n\n\n<p>Su primo, N\u00e9stor Hern\u00e1ndez, explic\u00f3 que el hotel Bienvenido, ubicado en Cardel, municipio de La Antigua y a donde acudir\u00eda Viridiana por la vacante de trabajo, se deslind\u00f3 desde el primer momento.<\/p>\n\n\n\n<p>A\u00f1adi\u00f3 que la Fiscal\u00eda General del Estado tampoco les ha dado informaci\u00f3n sobre las c\u00e1maras de vigilancia. No hemos visto c\u00e1maras, el hotel se deslind\u00f3 desde un principio, incluso nos dec\u00edan que no ten\u00edan departamento de Recursos Humanos, que no ten\u00edan ni vacante.<\/p>\n\n\n\n<p>Ella ten\u00eda una cita, incluso a m\u00ed me contactaron tres chicas que ten\u00edan cita en diferente horario, publicaron el perfil que estaban reclutando&#8221;, asegur\u00f3 y dijo que el puesto era para la recepci\u00f3n.<\/p>\n\n\n\n<p>La cita de Viridiana era a las 16:00 horas, ella ya viv\u00eda en Cardel, junto con su esposo y su hijo con la familia de su esposo, lo que su marido les dijo es que sali\u00f3 poco antes de las 16:00 horas y luego ya no supo nada de ella.<\/p>\n\n\n\n<p>El primo de Viridiana inform\u00f3 que ya citaron a declarar a varias personas, incluso a su esposo, &#8220;Viri siempre ha sido una chica muy tranquila, muy trabajadora, deportista, ella tiene 32 a\u00f1os, su hijo 10 a\u00f1os&#8221;.<\/p>\n\n\n\n<p>Finalmente se\u00f1alaron que, &#8220;toda la familia estamos destrozados, todo el pueblo, ahorita desgraciadamente mucha gente no nos pudo acompa\u00f1ar, pero para empezar queremos que el Gobernador nos de la cara, que nos diga por qu\u00e9 dijo que mi prima estaba resguardada, que nos diga con qu\u00e9 fundamento lo dijo, que le d\u00e9 la cara a mis t\u00edos&#8221;.<\/p>\n","protected":false},"excerpt":{"rendered":"<p>Dar\u00edo Pale Xalapa, Ver.- Amigos y familiares de Viridiana marchan y bloquean la calle de Enr\u00edquez para exigir exigir respuesta por su desaparici\u00f3n ya que no hay avances ya que el Gobernador dijo que estaba resguardada, preguntan \u00bfd\u00f3nde est\u00e1? En entrevista, el padre de Viridiana, Enrique Moreno Marini, expres\u00f3 con l\u00e1grimas en los ojos, que [&hellip;]<\/p>\n","protected":false},"author":1,"featured_media":27604,"comment_status":"open","ping_status":"open","sticky":false,"template":"","format":"standard","meta":{"_jetpack_memberships_contains_paid_content":false,"footnotes":""},"categories":[3],"tags":[],"class_list":["post-27603","post","type-post","status-publish","format-standard","has-post-thumbnail","hentry","category-xalapa"],"jetpack_featured_media_url":"https:\/\/encuentroinformativo.com.mx\/wp-content\/uploads\/2022\/05\/168CA003-43DD-455C-BD32-8898A2BE3C78.jpeg","jetpack_sharing_enabled":true,"jetpack_likes_enabled":true,"amp_enabled":true,"_links":{"self":[{"href":"https:\/\/encuentroinformativo.com.mx\/index.php?rest_route=\/wp\/v2\/posts\/27603","targetHints":{"allow":["GET"]}}],"collection":[{"href":"https:\/\/encuentroinformativo.com.mx\/index.php?rest_route=\/wp\/v2\/posts"}],"about":[{"href":"https:\/\/encuentroinformativo.com.mx\/index.php?rest_route=\/wp\/v2\/types\/post"}],"author":[{"embeddable":true,"href":"https:\/\/encuentroinformativo.com.mx\/index.php?rest_route=\/wp\/v2\/users\/1"}],"replies":[{"embeddable":true,"href":"https:\/\/encuentroinformativo.com.mx\/index.php?rest_route=%2Fwp%2Fv2%2Fcomments&post=27603"}],"version-history":[{"count":1,"href":"https:\/\/encuentroinformativo.com.mx\/index.php?rest_route=\/wp\/v2\/posts\/27603\/revisions"}],"predecessor-version":[{"id":27605,"href":"https:\/\/encuentroinformativo.com.mx\/index.php?rest_route=\/wp\/v2\/posts\/27603\/revisions\/27605"}],"wp:featuredmedia":[{"embeddable":true,"href":"https:\/\/encuentroinformativo.com.mx\/index.php?rest_route=\/wp\/v2\/media\/27604"}],"wp:attachment":[{"href":"https:\/\/encuentroinformativo.com.mx\/index.php?rest_route=%2Fwp%2Fv2%2Fmedia&parent=27603"}],"wp:term":[{"taxonomy":"category","embeddable":true,"href":"https:\/\/encuentroinformativo.com.mx\/index.php?rest_route=%2Fwp%2Fv2%2Fcategories&post=27603"},{"taxonomy":"post_tag","embeddable":true,"href":"https:\/\/encuentroinformativo.com.mx\/index.php?rest_route=%2Fwp%2Fv2%2Ftags&post=27603"}],"curies":[{"name":"wp","href":"https:\/\/api.w.org\/{rel}","templated":true}]}}