{"id":27606,"date":"2022-05-23T16:02:36","date_gmt":"2022-05-23T21:02:36","guid":{"rendered":"https:\/\/encuentroinformativo.com.mx\/?p=27606"},"modified":"2022-05-23T16:02:39","modified_gmt":"2022-05-23T21:02:39","slug":"denuncian-robo-y-sabotaje-a-empresa-veracruzana","status":"publish","type":"post","link":"https:\/\/encuentroinformativo.com.mx\/?p=27606","title":{"rendered":"Denuncian robo y sabotaje a empresa veracruzana"},"content":{"rendered":"\n<p><strong>Alejandro \u00c1vila<\/strong><\/p>\n\n\n\n<p>Veracruz, Ver.- Ante la Fiscal\u00eda General del Estado de Veracruz se denunci\u00f3 el robo de una planta generadora de energ\u00eda el\u00e9ctrica, y el presunto sabotaje por parte de una empresa competencia directa de los afectados.<\/p>\n\n\n\n<p>El pasado fin de semana sujetos armados allanaron una bodega a un costado de libramiento Paso del Toro-Santa Fe, para perpetrar el hurto de la mencionada planta generadora de energ\u00eda el\u00e9ctrica.<\/p>\n\n\n\n<p>Los hechos ocurrieron el pasado s\u00e1bado 21 de mayo, cuando un peque\u00f1o comando armado ingres\u00f3 a la bodega de la empresa Milenio de Luz S.A de C.V; d\u00f3nde amagaron al guardia de seguridad y subieron la planta de luz a un remolque tipo plana de un tractocami\u00f3n, posteriormente, los ladrones salieron escoltados por otra camioneta marca Dodge tipo Journey color blanca.<\/p>\n\n\n\n<p>Tras hacer el llamado de auxilio al n\u00famero de emergencia 911, minutos m\u00e1s tarde arribaron elementos de la Secretar\u00eda de Seguridad P\u00fablica (SSP); las unidades denunciadas fueron localizadas horas m\u00e1s tarde en una vulcanizadora, a un costado de la carretera de Mataloma a Soledad de Doblado.<\/p>\n\n\n\n<p>Producto de este operativo fue detenido uno de los conductores de las unidades, mientras que los acompa\u00f1antes, al ver la presencia policial huyeron del sitio y se perdieron en la maleza.<\/p>\n\n\n\n<p>Maribel Hoyos administradora general de la empresa afectada, revel\u00f3 que el detenido identificado como, Federico S. H. de 54 a\u00f1os de edad, es trabajador de la empresa Transportes La Luz, ubicada en la colonia Chalchihuecan al norte de la ciudad de Veracruz.<\/p>\n\n\n\n<p>Indic\u00f3 que al indagar m\u00e1s a fondo, se percataron de que ni la camioneta, ni el tractocami\u00f3n en el que arribaron a cometer el atraco cuentan con reporte de robo y son propiedad de dicha empresa.<\/p>\n\n\n\n<p>Es por ello que se dispusieron a interponer la denuncia en la Fiscal\u00eda Regional, solicitando tambi\u00e9n, se investigue a la empresa Transportes La Luz, por su posible participaci\u00f3n en el hecho delictivo, pues consider\u00f3 que pudo tratarse de un sabotaje ya que su empresa y la se\u00f1alada son competencia directa en el mercado.<\/p>\n\n\n\n<p>Ser\u00e1 durante el transcurso de las pr\u00f3ximas horas cuando el acusado sea puesto a disposici\u00f3n de un juez de control para determinar su situaci\u00f3n jur\u00eddica, en tanto la Polic\u00eda Ministerial ya est\u00e1 tras la pista de sus dem\u00e1s c\u00f3mplices.<\/p>\n","protected":false},"excerpt":{"rendered":"<p>Alejandro \u00c1vila Veracruz, Ver.- Ante la Fiscal\u00eda General del Estado de Veracruz se denunci\u00f3 el robo de una planta generadora de energ\u00eda el\u00e9ctrica, y el presunto sabotaje por parte de una empresa competencia directa de los afectados. El pasado fin de semana sujetos armados allanaron una bodega a un costado de libramiento Paso del Toro-Santa [&hellip;]<\/p>\n","protected":false},"author":1,"featured_media":27607,"comment_status":"open","ping_status":"open","sticky":false,"template":"","format":"standard","meta":{"_jetpack_memberships_contains_paid_content":false,"footnotes":""},"categories":[14],"tags":[],"class_list":["post-27606","post","type-post","status-publish","format-standard","has-post-thumbnail","hentry","category-policiaca"],"jetpack_featured_media_url":"https:\/\/encuentroinformativo.com.mx\/wp-content\/uploads\/2022\/05\/64C92202-35A7-4E74-B9DB-C51579D5F5E7.jpeg","jetpack_sharing_enabled":true,"jetpack_likes_enabled":true,"amp_enabled":true,"_links":{"self":[{"href":"https:\/\/encuentroinformativo.com.mx\/index.php?rest_route=\/wp\/v2\/posts\/27606","targetHints":{"allow":["GET"]}}],"collection":[{"href":"https:\/\/encuentroinformativo.com.mx\/index.php?rest_route=\/wp\/v2\/posts"}],"about":[{"href":"https:\/\/encuentroinformativo.com.mx\/index.php?rest_route=\/wp\/v2\/types\/post"}],"author":[{"embeddable":true,"href":"https:\/\/encuentroinformativo.com.mx\/index.php?rest_route=\/wp\/v2\/users\/1"}],"replies":[{"embeddable":true,"href":"https:\/\/encuentroinformativo.com.mx\/index.php?rest_route=%2Fwp%2Fv2%2Fcomments&post=27606"}],"version-history":[{"count":1,"href":"https:\/\/encuentroinformativo.com.mx\/index.php?rest_route=\/wp\/v2\/posts\/27606\/revisions"}],"predecessor-version":[{"id":27608,"href":"https:\/\/encuentroinformativo.com.mx\/index.php?rest_route=\/wp\/v2\/posts\/27606\/revisions\/27608"}],"wp:featuredmedia":[{"embeddable":true,"href":"https:\/\/encuentroinformativo.com.mx\/index.php?rest_route=\/wp\/v2\/media\/27607"}],"wp:attachment":[{"href":"https:\/\/encuentroinformativo.com.mx\/index.php?rest_route=%2Fwp%2Fv2%2Fmedia&parent=27606"}],"wp:term":[{"taxonomy":"category","embeddable":true,"href":"https:\/\/encuentroinformativo.com.mx\/index.php?rest_route=%2Fwp%2Fv2%2Fcategories&post=27606"},{"taxonomy":"post_tag","embeddable":true,"href":"https:\/\/encuentroinformativo.com.mx\/index.php?rest_route=%2Fwp%2Fv2%2Ftags&post=27606"}],"curies":[{"name":"wp","href":"https:\/\/api.w.org\/{rel}","templated":true}]}}