{"id":27609,"date":"2022-05-23T16:08:56","date_gmt":"2022-05-23T21:08:56","guid":{"rendered":"https:\/\/encuentroinformativo.com.mx\/?p=27609"},"modified":"2022-05-23T16:08:59","modified_gmt":"2022-05-23T21:08:59","slug":"se-mantiene-busqueda-de-viridiana-defiende-el-gobernador","status":"publish","type":"post","link":"https:\/\/encuentroinformativo.com.mx\/?p=27609","title":{"rendered":"Se mantiene b\u00fasqueda de Viridiana, defiende el Gobernador"},"content":{"rendered":"\n<p>Emiliano Zapata, Ver.- El gobernador Cuitl\u00e1huac Garc\u00eda Jim\u00e9nez en conferencia de prensa en el Centro de Estudios e Investigaci\u00f3n en Seguridad, dijo que contin\u00faan la b\u00fasqueda de la joven Viridiana Moreno, qui\u00e9n desapareci\u00f3 en Cardel.<\/p>\n\n\n\n<p>Sin embargo, se\u00f1al\u00f3 que no puede dar detalles del caso.<\/p>\n\n\n\n<p>Cabe recordar que en los \u00faltimos d\u00edas familiares y amigos de Viridiana Moreno han realizado movilizaciones y protestas En Cardel, La Antigua, Tlaltetela y este lunes en Xalapa. <\/p>\n","protected":false},"excerpt":{"rendered":"<p>Emiliano Zapata, Ver.- El gobernador Cuitl\u00e1huac Garc\u00eda Jim\u00e9nez en conferencia de prensa en el Centro de Estudios e Investigaci\u00f3n en Seguridad, dijo que contin\u00faan la b\u00fasqueda de la joven Viridiana Moreno, qui\u00e9n desapareci\u00f3 en Cardel. Sin embargo, se\u00f1al\u00f3 que no puede dar detalles del caso. Cabe recordar que en los \u00faltimos d\u00edas familiares y amigos [&hellip;]<\/p>\n","protected":false},"author":1,"featured_media":27610,"comment_status":"open","ping_status":"open","sticky":false,"template":"","format":"standard","meta":{"_jetpack_memberships_contains_paid_content":false,"footnotes":""},"categories":[2],"tags":[],"class_list":["post-27609","post","type-post","status-publish","format-standard","has-post-thumbnail","hentry","category-estado"],"jetpack_featured_media_url":"https:\/\/encuentroinformativo.com.mx\/wp-content\/uploads\/2022\/05\/5413A604-F22C-40B2-B005-D1DAB7742986.jpeg","jetpack_sharing_enabled":true,"jetpack_likes_enabled":true,"amp_enabled":true,"_links":{"self":[{"href":"https:\/\/encuentroinformativo.com.mx\/index.php?rest_route=\/wp\/v2\/posts\/27609","targetHints":{"allow":["GET"]}}],"collection":[{"href":"https:\/\/encuentroinformativo.com.mx\/index.php?rest_route=\/wp\/v2\/posts"}],"about":[{"href":"https:\/\/encuentroinformativo.com.mx\/index.php?rest_route=\/wp\/v2\/types\/post"}],"author":[{"embeddable":true,"href":"https:\/\/encuentroinformativo.com.mx\/index.php?rest_route=\/wp\/v2\/users\/1"}],"replies":[{"embeddable":true,"href":"https:\/\/encuentroinformativo.com.mx\/index.php?rest_route=%2Fwp%2Fv2%2Fcomments&post=27609"}],"version-history":[{"count":1,"href":"https:\/\/encuentroinformativo.com.mx\/index.php?rest_route=\/wp\/v2\/posts\/27609\/revisions"}],"predecessor-version":[{"id":27611,"href":"https:\/\/encuentroinformativo.com.mx\/index.php?rest_route=\/wp\/v2\/posts\/27609\/revisions\/27611"}],"wp:featuredmedia":[{"embeddable":true,"href":"https:\/\/encuentroinformativo.com.mx\/index.php?rest_route=\/wp\/v2\/media\/27610"}],"wp:attachment":[{"href":"https:\/\/encuentroinformativo.com.mx\/index.php?rest_route=%2Fwp%2Fv2%2Fmedia&parent=27609"}],"wp:term":[{"taxonomy":"category","embeddable":true,"href":"https:\/\/encuentroinformativo.com.mx\/index.php?rest_route=%2Fwp%2Fv2%2Fcategories&post=27609"},{"taxonomy":"post_tag","embeddable":true,"href":"https:\/\/encuentroinformativo.com.mx\/index.php?rest_route=%2Fwp%2Fv2%2Ftags&post=27609"}],"curies":[{"name":"wp","href":"https:\/\/api.w.org\/{rel}","templated":true}]}}