{"id":27615,"date":"2022-05-23T18:20:28","date_gmt":"2022-05-23T23:20:28","guid":{"rendered":"https:\/\/encuentroinformativo.com.mx\/?p=27615"},"modified":"2022-05-23T18:20:31","modified_gmt":"2022-05-23T23:20:31","slug":"mueren-tres-migrantes-ahogados-en-la-zona-sur","status":"publish","type":"post","link":"https:\/\/encuentroinformativo.com.mx\/?p=27615","title":{"rendered":"Mueren tres migrantes ahogados en la zona sur"},"content":{"rendered":"\n<p><strong>Juan Arcos<\/strong><\/p>\n\n\n\n<p>Xalapa, Ver.- Una lancha de 25 pies con 11 tripulantes procedentes de Honduras sufri\u00f3 un accidente en las costas de Tonal\u00e1, municipio de Agua Dulce, en la zona sur de Veracruz.<\/p>\n\n\n\n<p>La Secretar\u00eda de Seguridad P\u00fablica (SSP) en coordinaci\u00f3n con Protecci\u00f3n Civil logr\u00f3 rescatar a cuatro migrantes centroamericanos con vida, entre ellos, dos menores de edad.<\/p>\n\n\n\n<p>El gobernador del estado, Cuitl\u00e1huac Garc\u00eda Jim\u00e9nez, confirm\u00f3 que tres extranjeros murieron ahogados y que otras cuatro personas est\u00e1n en calidad de desaparecidas.<\/p>\n\n\n\n<p>El mandatario estatal inform\u00f3 en sus redes sociales que los migrantes rescatados son: Wilmen Escoto, de 41 a\u00f1os; Jos\u00e9 E. Perdomo Baraona, de 16 a\u00f1os; Francisco Casta\u00f1eda, de 39 a\u00f1os; y Mauricio Galdamex Espinoza, de 12 a\u00f1os.<\/p>\n\n\n\n<p>El titular del Poder Ejecutivo en Veracruz a\u00f1adi\u00f3 que desde el Centro de Estudios e Investigaci\u00f3n en Seguridad P\u00fablica (CEIS) se coordinaron acciones con la Secretar\u00eda de Marina-Armada de M\u00e9xico y el ayuntamiento de Agua Dulce para atender el accidente.<\/p>\n\n\n\n<p>Cabe mencionar que tambi\u00e9n pescadores y pobladores se sumaron a los trabajos para rescatar a los extranjeros, quienes decidieron viajar en lancha en busca del sue\u00f1o americano y, en su momento, cruzar la frontera con Estados Unidos.<\/p>\n\n\n\n<p>El director general de Atenci\u00f3n a Migrantes del Estado de Veracruz, Carlos Enrique Escalante Igual, ha dado a conocer que este a\u00f1o aument\u00f3 95 por ciento el paso de migrantes por Veracruz, en comparaci\u00f3n con 2020 y 2021.<\/p>\n\n\n\n<p>El flujo de los centroamericanos hab\u00eda disminuido debido a la pandemia por el Sars-Cov2 (Covid-19); sin embargo, en los \u00faltimos meses se ha incrementado de manera considerable este fen\u00f3meno.<\/p>\n\n\n\n<p>\u201cRecordemos que cuando comenz\u00f3 el problema de Covid-19 se redujo el flujo migratorio en un 95 por ciento y en este momento ya est\u00e1 otra vez en los mismos niveles en que estaban en el a\u00f1o 2019 o 2018\u201d, expres\u00f3 el funcionario estatal.<\/p>\n\n\n\n<p>En el sitio del accidente, ocurrido este lunes 23 de mayo, se encuentra personal de la Capitan\u00eda de Puerto, Protecci\u00f3n Civil, Polic\u00eda Ministerial, Polic\u00eda Municipal y Fuerza Civil, quienes mantienen labores de b\u00fasqueda de los migrantes desaparecidos.<\/p>\n","protected":false},"excerpt":{"rendered":"<p>Juan Arcos Xalapa, Ver.- Una lancha de 25 pies con 11 tripulantes procedentes de Honduras sufri\u00f3 un accidente en las costas de Tonal\u00e1, municipio de Agua Dulce, en la zona sur de Veracruz. La Secretar\u00eda de Seguridad P\u00fablica (SSP) en coordinaci\u00f3n con Protecci\u00f3n Civil logr\u00f3 rescatar a cuatro migrantes centroamericanos con vida, entre ellos, dos [&hellip;]<\/p>\n","protected":false},"author":1,"featured_media":27616,"comment_status":"open","ping_status":"open","sticky":false,"template":"","format":"standard","meta":{"_jetpack_memberships_contains_paid_content":false,"footnotes":""},"categories":[2],"tags":[],"class_list":["post-27615","post","type-post","status-publish","format-standard","has-post-thumbnail","hentry","category-estado"],"jetpack_featured_media_url":"https:\/\/encuentroinformativo.com.mx\/wp-content\/uploads\/2022\/05\/B6263A51-5ABB-4BF8-B9DE-4CE685587A3C.jpeg","jetpack_sharing_enabled":true,"jetpack_likes_enabled":true,"amp_enabled":true,"_links":{"self":[{"href":"https:\/\/encuentroinformativo.com.mx\/index.php?rest_route=\/wp\/v2\/posts\/27615","targetHints":{"allow":["GET"]}}],"collection":[{"href":"https:\/\/encuentroinformativo.com.mx\/index.php?rest_route=\/wp\/v2\/posts"}],"about":[{"href":"https:\/\/encuentroinformativo.com.mx\/index.php?rest_route=\/wp\/v2\/types\/post"}],"author":[{"embeddable":true,"href":"https:\/\/encuentroinformativo.com.mx\/index.php?rest_route=\/wp\/v2\/users\/1"}],"replies":[{"embeddable":true,"href":"https:\/\/encuentroinformativo.com.mx\/index.php?rest_route=%2Fwp%2Fv2%2Fcomments&post=27615"}],"version-history":[{"count":1,"href":"https:\/\/encuentroinformativo.com.mx\/index.php?rest_route=\/wp\/v2\/posts\/27615\/revisions"}],"predecessor-version":[{"id":27617,"href":"https:\/\/encuentroinformativo.com.mx\/index.php?rest_route=\/wp\/v2\/posts\/27615\/revisions\/27617"}],"wp:featuredmedia":[{"embeddable":true,"href":"https:\/\/encuentroinformativo.com.mx\/index.php?rest_route=\/wp\/v2\/media\/27616"}],"wp:attachment":[{"href":"https:\/\/encuentroinformativo.com.mx\/index.php?rest_route=%2Fwp%2Fv2%2Fmedia&parent=27615"}],"wp:term":[{"taxonomy":"category","embeddable":true,"href":"https:\/\/encuentroinformativo.com.mx\/index.php?rest_route=%2Fwp%2Fv2%2Fcategories&post=27615"},{"taxonomy":"post_tag","embeddable":true,"href":"https:\/\/encuentroinformativo.com.mx\/index.php?rest_route=%2Fwp%2Fv2%2Ftags&post=27615"}],"curies":[{"name":"wp","href":"https:\/\/api.w.org\/{rel}","templated":true}]}}