{"id":27618,"date":"2022-05-23T22:12:47","date_gmt":"2022-05-24T03:12:47","guid":{"rendered":"https:\/\/encuentroinformativo.com.mx\/?p=27618"},"modified":"2022-05-23T22:12:51","modified_gmt":"2022-05-24T03:12:51","slug":"atacar-causas-sociales-de-la-violencia-haran-de-veracruz-un-estado-mas-seguro","status":"publish","type":"post","link":"https:\/\/encuentroinformativo.com.mx\/?p=27618","title":{"rendered":"Atacar causas sociales de la violencia har\u00e1n de Veracruz un estado m\u00e1s seguro"},"content":{"rendered":"\n<p><strong>*Estrategia contra la inseguridad sigue dando resultados a favor de las y los veracruzanos, reconoci\u00f3 el diputado Juan Javier G\u00f3mez Cazar\u00edn.<\/strong><\/p>\n\n\n\n<p>Xalapa, Ver.- El \u00e9xito de la estrategia estatal contra la inseguridad se complementar\u00e1 con la decidida participaci\u00f3n de las autoridades municipales para que, desde su \u00e1mbito y en coordinaci\u00f3n con el Gobierno del Estado, se atienda de inmediato la violencia intrafamiliar y feminicida, se\u00f1al\u00f3 Juan Javier G\u00f3mez Cazar\u00edn, presidente de la Junta de Coordinaci\u00f3n Pol\u00edtica (JUCOPO) del Congreso local.<\/p>\n\n\n\n<p>El Legislador enfatiz\u00f3 que atacar las causas de la violencia, tal y como lo precisa el presidente Andr\u00e9s Manuel L\u00f3pez Obrador, contribuir\u00e1 a consolidar a Veracruz como una de las entidades m\u00e1s seguras del pa\u00eds.<\/p>\n\n\n\n<p>Reconoci\u00f3 el trabajo decidido y frontal del gobernador Cuitl\u00e1huac Garc\u00eda Jim\u00e9nez y del secretario de Seguridad P\u00fablica, Hugo Guti\u00e9rrez Maldonado, para no dar tregua ni impunidad a los infractores de la ley, lo que ha permitido desarticular bandas criminales y recuperar territorio cedido por pasadas administraciones estatales a la delincuencia.<\/p>\n\n\n\n<p>\u201cLa paz social y la tranquilidad de las familias se est\u00e1 recuperando en forma contundente; muestra de ello son los indicadores del Sistema Nacional de Seguridad P\u00fablica, que avalan el actuar de las fuerzas policiales y tambi\u00e9n de la Fiscal\u00eda General del Estado\u201d, indic\u00f3.<\/p>\n\n\n\n<p>La Fiscal\u00eda, dijo, en manos de Ver\u00f3nica Hern\u00e1ndez Guiad\u00e1ns, rompi\u00f3 con los pactos heredados por gobiernos corrompidos y coludidos; hay resultados contundentes en su actuar que coronan la lucha por la seguridad de las y los veracruzanos.<\/p>\n\n\n\n<p>Felicit\u00f3 al presidente municipal de Tuxpan, Jos\u00e9 Manuel Pozos Castro, por ser designado presidente de la Confederaci\u00f3n Estatal de Seguridad P\u00fablica Municipal, a trav\u00e9s de la cual se redoblar\u00e1n las acciones desde lo local para cerrar el c\u00edrculo contra la violencia.<\/p>\n\n\n\n<p>\u201cNuestro compromiso desde el Congreso local siempre ser\u00e1 velar por el bienestar de las familias y en especial de la ni\u00f1ez y mujeres, sumando acciones para que los entornos familiares sean m\u00e1s seguros y sin los estereotipos tradicionales que abonan a la violencia y la discriminaci\u00f3n\u201d, puntualiz\u00f3.<\/p>\n\n\n\n<p>En este evento, que reuni\u00f3 a autoridades municipales de las regiones del estado, se suscribi\u00f3 el compromiso de trabajar de forma coordinada para atender las causas de la violencia intrafamiliar y de g\u00e9nero, y se exhort\u00f3 a las presidentas y presidentes municipales a asimilar esquemas de atenci\u00f3n y alerta temprana de la violencia en el seno familiar, as\u00ed como retomar las estrategias de prevenci\u00f3n y atenci\u00f3n oportuna de las declaratorias de alertas de g\u00e9nero emitidas para el estado de Veracruz.<\/p>\n","protected":false},"excerpt":{"rendered":"<p>*Estrategia contra la inseguridad sigue dando resultados a favor de las y los veracruzanos, reconoci\u00f3 el diputado Juan Javier G\u00f3mez Cazar\u00edn. Xalapa, Ver.- El \u00e9xito de la estrategia estatal contra la inseguridad se complementar\u00e1 con la decidida participaci\u00f3n de las autoridades municipales para que, desde su \u00e1mbito y en coordinaci\u00f3n con el Gobierno del Estado, [&hellip;]<\/p>\n","protected":false},"author":1,"featured_media":27619,"comment_status":"open","ping_status":"open","sticky":false,"template":"","format":"standard","meta":{"_jetpack_memberships_contains_paid_content":false,"footnotes":""},"categories":[2],"tags":[],"class_list":["post-27618","post","type-post","status-publish","format-standard","has-post-thumbnail","hentry","category-estado"],"jetpack_featured_media_url":"https:\/\/encuentroinformativo.com.mx\/wp-content\/uploads\/2022\/05\/3DCA3739-8B95-4079-BB2E-6292033BCEF3.jpeg","jetpack_sharing_enabled":true,"jetpack_likes_enabled":true,"amp_enabled":true,"_links":{"self":[{"href":"https:\/\/encuentroinformativo.com.mx\/index.php?rest_route=\/wp\/v2\/posts\/27618","targetHints":{"allow":["GET"]}}],"collection":[{"href":"https:\/\/encuentroinformativo.com.mx\/index.php?rest_route=\/wp\/v2\/posts"}],"about":[{"href":"https:\/\/encuentroinformativo.com.mx\/index.php?rest_route=\/wp\/v2\/types\/post"}],"author":[{"embeddable":true,"href":"https:\/\/encuentroinformativo.com.mx\/index.php?rest_route=\/wp\/v2\/users\/1"}],"replies":[{"embeddable":true,"href":"https:\/\/encuentroinformativo.com.mx\/index.php?rest_route=%2Fwp%2Fv2%2Fcomments&post=27618"}],"version-history":[{"count":1,"href":"https:\/\/encuentroinformativo.com.mx\/index.php?rest_route=\/wp\/v2\/posts\/27618\/revisions"}],"predecessor-version":[{"id":27620,"href":"https:\/\/encuentroinformativo.com.mx\/index.php?rest_route=\/wp\/v2\/posts\/27618\/revisions\/27620"}],"wp:featuredmedia":[{"embeddable":true,"href":"https:\/\/encuentroinformativo.com.mx\/index.php?rest_route=\/wp\/v2\/media\/27619"}],"wp:attachment":[{"href":"https:\/\/encuentroinformativo.com.mx\/index.php?rest_route=%2Fwp%2Fv2%2Fmedia&parent=27618"}],"wp:term":[{"taxonomy":"category","embeddable":true,"href":"https:\/\/encuentroinformativo.com.mx\/index.php?rest_route=%2Fwp%2Fv2%2Fcategories&post=27618"},{"taxonomy":"post_tag","embeddable":true,"href":"https:\/\/encuentroinformativo.com.mx\/index.php?rest_route=%2Fwp%2Fv2%2Ftags&post=27618"}],"curies":[{"name":"wp","href":"https:\/\/api.w.org\/{rel}","templated":true}]}}